{"id":13312,"date":"2025-01-08T17:00:29","date_gmt":"2025-01-08T17:00:29","guid":{"rendered":"https:\/\/ladepeche.mr\/?p=13312"},"modified":"2025-01-08T16:28:20","modified_gmt":"2025-01-08T16:28:20","slug":"le-ministre-de-la-defense-sentretient-avec-lambassadeur-dallemagne","status":"publish","type":"post","link":"https:\/\/ladepeche.mr\/?p=13312","title":{"rendered":"Le ministre de la d\u00e9fense s\u2019entretient avec l\u2019ambassadeur d\u2019Allemagne"},"content":{"rendered":"<p>Le ministre de la D\u00e9fense, des Retrait\u00e9s et des Enfants des martyrs, M. Hanena Ould Sidi, s\u2019est entretenu mercredi matin dans son bureau au si\u00e8ge du minist\u00e8re \u00e0 Nouakchott, avec S.E.M. Florian Rendell, ambassadeur de la R\u00e9publique f\u00e9d\u00e9rale d\u2019Allemagne accr\u00e9dit\u00e9 en Mauritanie.<\/p>\n<p>L\u2019entretien a port\u00e9 sur les relations de coop\u00e9ration existantes entre les deux pays et les moyens de les renforcer et de les d\u00e9velopper, notamment dans les domaines relevant de la d\u00e9fense, des affaires des retrait\u00e9s et des enfants des martyrs.<\/p>\n<p>L\u2019audience s\u2019est d\u00e9roul\u00e9e en pr\u00e9sence du Colonel Sidi Mohamed Ould Hamadi, directeur des Relations Ext\u00e9rieures au minist\u00e8re de la D\u00e9fense, des Retrait\u00e9s et des Fils de Martyrs.<\/p>\n<p>Ami<\/p>\n","protected":false},"excerpt":{"rendered":"<p>Le ministre de la D\u00e9fense, des Retrait\u00e9s et des Enfants des martyrs, M. Hanena Ould Sidi, s\u2019est entretenu mercredi matin dans son bureau au si\u00e8ge du minist\u00e8re \u00e0 Nouakchott, avec S.E.M. Florian Rendell, ambassadeur de la R\u00e9publique f\u00e9d\u00e9rale d\u2019Allemagne accr\u00e9dit\u00e9 en Mauritanie. L\u2019entretien a port\u00e9 sur les relations de coop\u00e9ration existantes entre les deux pays &hellip;<\/p>\n","protected":false},"author":2,"featured_media":13313,"comment_status":"open","ping_status":"open","sticky":false,"template":"","format":"standard","meta":{"footnotes":""},"categories":[18],"tags":[],"class_list":["post-13312","post","type-post","status-publish","format-standard","has-post-thumbnail","hentry","category-actualites"],"_links":{"self":[{"href":"https:\/\/ladepeche.mr\/index.php?rest_route=\/wp\/v2\/posts\/13312","targetHints":{"allow":["GET"]}}],"collection":[{"href":"https:\/\/ladepeche.mr\/index.php?rest_route=\/wp\/v2\/posts"}],"about":[{"href":"https:\/\/ladepeche.mr\/index.php?rest_route=\/wp\/v2\/types\/post"}],"author":[{"embeddable":true,"href":"https:\/\/ladepeche.mr\/index.php?rest_route=\/wp\/v2\/users\/2"}],"replies":[{"embeddable":true,"href":"https:\/\/ladepeche.mr\/index.php?rest_route=%2Fwp%2Fv2%2Fcomments&post=13312"}],"version-history":[{"count":1,"href":"https:\/\/ladepeche.mr\/index.php?rest_route=\/wp\/v2\/posts\/13312\/revisions"}],"predecessor-version":[{"id":13314,"href":"https:\/\/ladepeche.mr\/index.php?rest_route=\/wp\/v2\/posts\/13312\/revisions\/13314"}],"wp:featuredmedia":[{"embeddable":true,"href":"https:\/\/ladepeche.mr\/index.php?rest_route=\/wp\/v2\/media\/13313"}],"wp:attachment":[{"href":"https:\/\/ladepeche.mr\/index.php?rest_route=%2Fwp%2Fv2%2Fmedia&parent=13312"}],"wp:term":[{"taxonomy":"category","embeddable":true,"href":"https:\/\/ladepeche.mr\/index.php?rest_route=%2Fwp%2Fv2%2Fcategories&post=13312"},{"taxonomy":"post_tag","embeddable":true,"href":"https:\/\/ladepeche.mr\/index.php?rest_route=%2Fwp%2Fv2%2Ftags&post=13312"}],"curies":[{"name":"wp","href":"https:\/\/api.w.org\/{rel}","templated":true}]}}