{"id":13325,"date":"2025-01-09T20:06:34","date_gmt":"2025-01-09T20:06:34","guid":{"rendered":"https:\/\/ladepeche.mr\/?p=13325"},"modified":"2025-01-09T20:06:34","modified_gmt":"2025-01-09T20:06:34","slug":"joseph-aoun-elu-president-du-liban","status":"publish","type":"post","link":"https:\/\/ladepeche.mr\/?p=13325","title":{"rendered":"Joseph Aoun \u00e9lu pr\u00e9sident du Liban"},"content":{"rendered":"<p><strong>Le Parlement libanais a \u00e9lu le g\u00e9n\u00e9ral Joseph Aoun, commandant en chef de l\u2019arm\u00e9e, pr\u00e9sident de la R\u00e9publique, mettant ainsi fin \u00e0 plus de deux ans de vacance au sommet de l\u2019\u00c9tat. Cette \u00e9lection, survenue apr\u00e8s plusieurs mois de tractations politiques, marque un tournant important pour le pays du C\u00e8dre, qui traverse une crise \u00e9conomique et politique sans pr\u00e9c\u00e9dent.<\/strong><\/p>\n<p data-t=\"{&quot;n&quot;:&quot;blueLinks&quot;}\">Lors de la seconde session de vote, Joseph Aoun a remport\u00e9 la pr\u00e9sidence avec une large majorit\u00e9 de 99 voix sur 128, loin devant les 71 voix qu\u2019il avait obtenues lors du premier tour. Ce dernier n\u2019avait pas r\u00e9ussi \u00e0 atteindre le seuil des 86 voix n\u00e9cessaires pour l\u2019emporter d\u00e8s le premier tour. Le g\u00e9n\u00e9ral Aoun succ\u00e8de ainsi \u00e0 son pr\u00e9d\u00e9cesseur, Michel Aoun, son propre cousin, dans un contexte particuli\u00e8rement tendu, o\u00f9 le Liban cherche d\u00e9sesp\u00e9r\u00e9ment une stabilit\u00e9 politique apr\u00e8s une p\u00e9riode de turbulences accrues.<\/p>\n<p data-t=\"{&quot;n&quot;:&quot;blueLinks&quot;}\">Joseph Aoun devient ainsi le cinqui\u00e8me commandant de l\u2019arm\u00e9e libanaise \u00e0 acc\u00e9der \u00e0 la pr\u00e9sidence, apr\u00e8s Fouad Chehab, Emile Lahoud, Michel Sleiman et son pr\u00e9d\u00e9cesseur Michel Aoun. Ce parcours militaire au sommet de l\u2019\u00c9tat n\u2019est pas in\u00e9dit au Liban, o\u00f9 les relations entre l\u2019arm\u00e9e et la politique sont historiquement \u00e9troites. N\u00e9anmoins, l\u2019\u00e9lection du g\u00e9n\u00e9ral Aoun suscite un grand int\u00e9r\u00eat au niveau national et international, tant il incarne l\u2019image d\u2019un homme de terrain, engag\u00e9 dans la d\u00e9fense du pays.<\/p>\n<p class=\"continue-read-break\" data-t=\"{&quot;n&quot;:&quot;blueLinks&quot;}\">N\u00e9 le 10 janvier 1964 \u00e0 Sin el-Fil, dans la r\u00e9gion du Metn, Joseph Aoun a rejoint l\u2019arm\u00e9e libanaise en 1983. Dipl\u00f4m\u00e9 de l\u2019Acad\u00e9mie militaire libanaise, il a grimp\u00e9 les \u00e9chelons, occupant diverses fonctions importantes, notamment \u00e0 la t\u00eate de la 9e brigade d\u2019infanterie et en tant que chef d\u2019\u00e9tat-major du 10e r\u00e9giment d\u2019infanterie. Sa carri\u00e8re militaire s\u2019est distingu\u00e9e par sa participation \u00e0 des missions de grande envergure, dont la fameuse bataille de Fajr al-Jouroud en 2017, qui a permis \u00e0 l\u2019arm\u00e9e libanaise de d\u00e9loger les groupes terroristes de Daech et Front al-Nosra des zones frontali\u00e8res avec la Syrie.<\/p>\n<p data-t=\"{&quot;n&quot;:&quot;blueLinks&quot;}\">Le g\u00e9n\u00e9ral Aoun b\u00e9n\u00e9ficie d\u2019un large soutien international, notamment de la part de la France et des \u00c9tats-Unis, qui ont salu\u00e9 son r\u00f4le de stabilisateur dans un Liban plong\u00e9 dans une crise syst\u00e9mique. Ce soutien a \u00e9t\u00e9 un \u00e9l\u00e9ment d\u00e9cisif dans son ascension vers la pr\u00e9sidence. Son nom circulait depuis plusieurs mois parmi les candidats potentiels \u00e0 la pr\u00e9sidence, et sa r\u00e9putation d\u2019homme int\u00e8gre, ayant r\u00e9ussi \u00e0 maintenir l\u2019ordre et la discipline au sein de l\u2019arm\u00e9e, a jou\u00e9 en sa faveur.<\/p>\n<div class=\"intra-article-module\" data-t=\"{&quot;n&quot;:&quot;intraArticle&quot;,&quot;t&quot;:13}\">\n<div class=\"articlePageIntraArticleFullWidth ad-slot-placeholder left-image-intra-ad collapsed\" data-ad-index=\"2\">\n<div class=\"intra-article-ad-full left-image-intra-ad\"><\/div>\n<\/div>\n<\/div>\n<p data-t=\"{&quot;n&quot;:&quot;blueLinks&quot;}\">De plus, Joseph Aoun parle couramment l\u2019arabe, le fran\u00e7ais et l\u2019anglais, un atout consid\u00e9rable dans un pays o\u00f9 les enjeux diplomatiques et les relations internationales sont cruciaux. Son \u00e9lection est per\u00e7ue par certains analystes comme \u201c<em>une tentative de revenir \u00e0 une gestion plus pragmatique du pays, qui pourrait relancer les r\u00e9formes n\u00e9cessaires \u00e0 la reconstruction de l\u2019\u00c9tat libanais<\/em>\u201d.<\/p>\n<p data-t=\"{&quot;n&quot;:&quot;blueLinks&quot;}\">Les attentes sont \u00e9galement grandes concernant la r\u00e9forme du secteur bancaire et la gestion de l\u2019aide internationale, qui reste conditionn\u00e9e \u00e0 des r\u00e9formes politiques et \u00e9conomiques profondes.<\/p>\n<p data-t=\"{&quot;n&quot;:&quot;blueLinks&quot;}\"><a href=\"https:\/\/www.msn.com\/fr-xl\/politique\/gouvernement\/joseph-aoun-%C3%A9lu-pr%C3%A9sident-du-liban\/ar-BB1r9U5D?ocid=msedgdhp&amp;pc=U531&amp;cvid=3240f4e809ab4134b4c177da637bfb67&amp;ei=63\">Joseph Aoun \u00e9lu pr\u00e9sident du Liban<\/a><\/p>\n<p data-t=\"{&quot;n&quot;:&quot;blueLinks&quot;}\">\n","protected":false},"excerpt":{"rendered":"<p>Le Parlement libanais a \u00e9lu le g\u00e9n\u00e9ral Joseph Aoun, commandant en chef de l\u2019arm\u00e9e, pr\u00e9sident de la R\u00e9publique, mettant ainsi fin \u00e0 plus de deux ans de vacance au sommet de l\u2019\u00c9tat. Cette \u00e9lection, survenue apr\u00e8s plusieurs mois de tractations politiques, marque un tournant important pour le pays du C\u00e8dre, qui traverse une crise \u00e9conomique &hellip;<\/p>\n","protected":false},"author":2,"featured_media":13326,"comment_status":"open","ping_status":"open","sticky":false,"template":"","format":"standard","meta":{"footnotes":""},"categories":[18,29],"tags":[],"class_list":["post-13325","post","type-post","status-publish","format-standard","has-post-thumbnail","hentry","category-actualites","category-monde"],"_links":{"self":[{"href":"https:\/\/ladepeche.mr\/index.php?rest_route=\/wp\/v2\/posts\/13325","targetHints":{"allow":["GET"]}}],"collection":[{"href":"https:\/\/ladepeche.mr\/index.php?rest_route=\/wp\/v2\/posts"}],"about":[{"href":"https:\/\/ladepeche.mr\/index.php?rest_route=\/wp\/v2\/types\/post"}],"author":[{"embeddable":true,"href":"https:\/\/ladepeche.mr\/index.php?rest_route=\/wp\/v2\/users\/2"}],"replies":[{"embeddable":true,"href":"https:\/\/ladepeche.mr\/index.php?rest_route=%2Fwp%2Fv2%2Fcomments&post=13325"}],"version-history":[{"count":1,"href":"https:\/\/ladepeche.mr\/index.php?rest_route=\/wp\/v2\/posts\/13325\/revisions"}],"predecessor-version":[{"id":13327,"href":"https:\/\/ladepeche.mr\/index.php?rest_route=\/wp\/v2\/posts\/13325\/revisions\/13327"}],"wp:featuredmedia":[{"embeddable":true,"href":"https:\/\/ladepeche.mr\/index.php?rest_route=\/wp\/v2\/media\/13326"}],"wp:attachment":[{"href":"https:\/\/ladepeche.mr\/index.php?rest_route=%2Fwp%2Fv2%2Fmedia&parent=13325"}],"wp:term":[{"taxonomy":"category","embeddable":true,"href":"https:\/\/ladepeche.mr\/index.php?rest_route=%2Fwp%2Fv2%2Fcategories&post=13325"},{"taxonomy":"post_tag","embeddable":true,"href":"https:\/\/ladepeche.mr\/index.php?rest_route=%2Fwp%2Fv2%2Ftags&post=13325"}],"curies":[{"name":"wp","href":"https:\/\/api.w.org\/{rel}","templated":true}]}}