{"id":13335,"date":"2025-01-10T21:09:56","date_gmt":"2025-01-10T21:09:56","guid":{"rendered":"https:\/\/ladepeche.mr\/?p=13335"},"modified":"2025-01-10T21:09:56","modified_gmt":"2025-01-10T21:09:56","slug":"intimidation-et-provocation-trump-na-pas-change-de-ton-diplomatique","status":"publish","type":"post","link":"https:\/\/ladepeche.mr\/?p=13335","title":{"rendered":"Intimidation et provocation, Trump n\u2019a pas chang\u00e9 de ton diplomatique"},"content":{"rendered":"<h2 class=\"entry-sub-title\">Donald Trump a continu\u00e9 mardi \u00e0 avancer l&#8217;id\u00e9e d&#8217;une vaste expansion territoriale des Etats-Unis, sans qu&#8217;il soit possible de dire s&#8217;il s&#8217;agit de projets s\u00e9rieux ou de provocations destin\u00e9es \u00e0 arracher des concessions \u00e9conomiques ou politiques.<\/h2>\n<p>Il a prof\u00e9r\u00e9 des menaces \u00e9conomiques contre le Canada, et refus\u00e9 d\u2019exclure l\u2019option militaire pour le canal de Panama et le Groenland, dans des d\u00e9clarations qui sont remont\u00e9es jusqu\u2019aux Nations-Unies.<\/p>\n<p>Interrog\u00e9 sur le sc\u00e9nario inou\u00ef d\u2019une annexion par la force de ces deux territoires par les Am\u00e9ricains, le porte-parole du secr\u00e9taire g\u00e9n\u00e9ral de l\u2019ONU a dit : \u00ab\u00a0La charte (des Nations-unies) pose tr\u00e8s clairement la n\u00e9cessit\u00e9 pour tout Etat-Membre de respecter l\u2019int\u00e9grit\u00e9 territoriale des autres membres.\u00a0\u00bb<\/p>\n<p>Concernant l\u2019axe maritime tr\u00e8s strat\u00e9gique d\u2019Am\u00e9rique centrale et l\u2019immense territoire arctique, Donald Trump a jug\u00e9 que tous deux \u00e9taient \u00ab\u00a0tr\u00e8s importants pour la s\u00e9curit\u00e9 \u00e9conomique\u00a0\u00bb des Etats-Unis pendant une conf\u00e9rence de presse.<\/p>\n<p>\u00ab\u00a0Je ne peux pas vous l\u2019assurer sur aucun des deux\u00a0\u00bb, a en particulier d\u00e9clar\u00e9 le pr\u00e9sident \u00e9lu, interrog\u00e9 sur un \u00e9ventuel recours aux forces arm\u00e9es pour annexer le canal de Panama et le Groenland.<\/p>\n<p>\u00ab\u00a0C\u2019est la Chine, la Chine, qui g\u00e8re\u00a0\u00bb le canal de Panama, a assur\u00e9 le r\u00e9publicain de 78 ans, qui pr\u00eatera serment le 20 janvier, \u00e0 propos de cette art\u00e8re qui appartient \u00e0 l\u2019Etat souverain du Panama.<\/p>\n<p>Concernant le Groenland, il a assur\u00e9 qu\u2019en prendre le contr\u00f4le \u00e9tait une question de \u00ab\u00a0s\u00e9curit\u00e9 nationale\u00a0\u00bb, en \u00e9voquant des mouvements de bateaux russes et chinois, et a menac\u00e9 le Danemark de droits de douanes \u00ab\u00a0tr\u00e8s \u00e9lev\u00e9s\u00a0\u00bb s\u2019il ne renon\u00e7ait pas \u00e0 ce territoire autonome.<\/p>\n<p>Si la fixation de Donald Trump sur le Panama est relativement nouvelle, son int\u00e9r\u00eat pour le Groenland ne l\u2019est pas: il avait d\u00e9j\u00e0 \u00e9voqu\u00e9 l\u2019id\u00e9e d\u2019acheter l\u2019\u00eele pendant son premier mandat, s\u2019attirant un sec refus des autorit\u00e9s locales. Son fils Donald Jr. s\u2019y trouvait en voyage priv\u00e9 mardi.<\/p>\n<p>Concernant le Canada, en pleine transition politique depuis que le Premier ministre Justin Trudeau a annonc\u00e9 lundi sa d\u00e9mission, Donald Trump a exclu d\u2019envoyer l\u2019arm\u00e9e. Mais il a menac\u00e9 de faire usage de la \u00ab\u00a0force \u00e9conomique\u00a0\u00bb apr\u00e8s avoir affirm\u00e9 la veille qu\u2019il \u00e9tait dans l\u2019int\u00e9r\u00eat du pays de devenir le \u00ab\u00a051e Etat\u00a0\u00bb am\u00e9ricain.<\/p>\n<p>\u00ab\u00a0Ce serait vraiment quelque chose de se d\u00e9barrasser de cette ligne artificiellement trac\u00e9e\u00a0\u00bb, a-t-il lanc\u00e9 \u00e0 propos de la fronti\u00e8re am\u00e9ricano-canadienne, avant de d\u00e9tailler ses griefs contre le grand voisin du Nord, accus\u00e9 de profiter \u00e0 bon compte d\u2019une tr\u00e8s co\u00fbteuse protection militaire des Etats-Unis.<\/p>\n<p>Lire la suite sur https:\/\/www.courrierinternational.com\/depeche\/intimidation-et-provocation-trump-n-a-pas-change-de-ton-diplomatique.afp.com.20250107.doc.36t44zd.xml<\/p>\n","protected":false},"excerpt":{"rendered":"<p>Donald Trump a continu\u00e9 mardi \u00e0 avancer l&#8217;id\u00e9e d&#8217;une vaste expansion territoriale des Etats-Unis, sans qu&#8217;il soit possible de dire s&#8217;il s&#8217;agit de projets s\u00e9rieux ou de provocations destin\u00e9es \u00e0 arracher des concessions \u00e9conomiques ou politiques. Il a prof\u00e9r\u00e9 des menaces \u00e9conomiques contre le Canada, et refus\u00e9 d\u2019exclure l\u2019option militaire pour le canal de Panama &hellip;<\/p>\n","protected":false},"author":2,"featured_media":13336,"comment_status":"open","ping_status":"open","sticky":false,"template":"","format":"standard","meta":{"footnotes":""},"categories":[18,29],"tags":[],"class_list":["post-13335","post","type-post","status-publish","format-standard","has-post-thumbnail","hentry","category-actualites","category-monde"],"_links":{"self":[{"href":"https:\/\/ladepeche.mr\/index.php?rest_route=\/wp\/v2\/posts\/13335","targetHints":{"allow":["GET"]}}],"collection":[{"href":"https:\/\/ladepeche.mr\/index.php?rest_route=\/wp\/v2\/posts"}],"about":[{"href":"https:\/\/ladepeche.mr\/index.php?rest_route=\/wp\/v2\/types\/post"}],"author":[{"embeddable":true,"href":"https:\/\/ladepeche.mr\/index.php?rest_route=\/wp\/v2\/users\/2"}],"replies":[{"embeddable":true,"href":"https:\/\/ladepeche.mr\/index.php?rest_route=%2Fwp%2Fv2%2Fcomments&post=13335"}],"version-history":[{"count":1,"href":"https:\/\/ladepeche.mr\/index.php?rest_route=\/wp\/v2\/posts\/13335\/revisions"}],"predecessor-version":[{"id":13337,"href":"https:\/\/ladepeche.mr\/index.php?rest_route=\/wp\/v2\/posts\/13335\/revisions\/13337"}],"wp:featuredmedia":[{"embeddable":true,"href":"https:\/\/ladepeche.mr\/index.php?rest_route=\/wp\/v2\/media\/13336"}],"wp:attachment":[{"href":"https:\/\/ladepeche.mr\/index.php?rest_route=%2Fwp%2Fv2%2Fmedia&parent=13335"}],"wp:term":[{"taxonomy":"category","embeddable":true,"href":"https:\/\/ladepeche.mr\/index.php?rest_route=%2Fwp%2Fv2%2Fcategories&post=13335"},{"taxonomy":"post_tag","embeddable":true,"href":"https:\/\/ladepeche.mr\/index.php?rest_route=%2Fwp%2Fv2%2Ftags&post=13335"}],"curies":[{"name":"wp","href":"https:\/\/api.w.org\/{rel}","templated":true}]}}