{"id":13342,"date":"2025-01-11T13:49:32","date_gmt":"2025-01-11T13:49:32","guid":{"rendered":"https:\/\/ladepeche.mr\/?p=13342"},"modified":"2025-01-11T14:29:37","modified_gmt":"2025-01-11T14:29:37","slug":"securite-el-arbi-ould-jidein-espion-intermediaire-ou-bouc-emissaire","status":"publish","type":"post","link":"https:\/\/ladepeche.mr\/?p=13342","title":{"rendered":"S\u00e9curit\u00e9\u00a0: ElOJ, espion, interm\u00e9diaire ou bouc-\u00e9missaire\u00a0?"},"content":{"rendered":"<p>Pratiquement anonyme pour la grande masse. ElOJ est pourtant, pour son \u00e2ge, bien introduit dans la sph\u00e8re diplomatico-s\u00e9curitaire. C\u2019est un constat. A voir son profil sur les photos avec les pontes de l\u2019Etat, on a l\u2019impression qu\u2019il s\u2019excuse presque de son intrusion sur les images. Mais attention, les apparences sont souvent trompeuses ! Surtout quand il s\u2019agit de suivre les traces tumultueuses \u00e0 la suite d\u2019un g\u00e9nocide perp\u00e9tr\u00e9 par Isra\u00e9l \u00e0 Gaza. Sur les photos, on le voit poser avec les hauts responsables militaires et s\u00e9curitaires mauritaniens. Il n\u2019en fallait pas plus pour en faire le buzz sur la toile. S\u2019il passait jusqu\u2019ici pour incognito, son nom depuis qu\u2019il a \u00e9t\u00e9 cit\u00e9 dans une vid\u00e9o libyenne o\u00f9 il est pr\u00e9sent\u00e9 comme un agent de liaison \u00e0 l\u2019infiltration isra\u00e9lienne dans le monde arabe, d\u00e9fraye d\u00e9sormais la chronique. Le jeune homme ne laisse plus indiff\u00e9rent la toile et chacun y va de sa propre perception.<\/p>\n<p>Qui est-il ? Que vaut-il ? Quel cr\u00e9dit \u00e0 toutes ses histoires personnelles sur l\u2019\u00e9chiquier national ou international ? Quel secret derri\u00e8re cette m\u00e9diatisation soudaine ? S\u2019il avait mis\u00e9 sur la discr\u00e9tion, ElOJ, n\u2019est pas au bout de ses surprises. Si par contre, ce n\u2019est qu\u2019une rumeur; elle l\u2019a port\u00e9 au sommet de la mauvaise publicit\u00e9.<\/p>\n<p>Alors, espion ou bouc-\u00e9missaire, le jeune ElOJ reste au creux d\u2019interrogations qui fusent de partout jusqu\u2019\u00e0 ce qu\u2019il fasse patte blanche ?<\/p>\n","protected":false},"excerpt":{"rendered":"<p>Pratiquement anonyme pour la grande masse. ElOJ est pourtant, pour son \u00e2ge, bien introduit dans la sph\u00e8re diplomatico-s\u00e9curitaire. C\u2019est un constat. A voir son profil sur les photos avec les pontes de l\u2019Etat, on a l\u2019impression qu\u2019il s\u2019excuse presque de son intrusion sur les images. Mais attention, les apparences sont souvent trompeuses ! Surtout quand &hellip;<\/p>\n","protected":false},"author":2,"featured_media":13343,"comment_status":"open","ping_status":"open","sticky":false,"template":"","format":"standard","meta":{"footnotes":""},"categories":[18,29],"tags":[],"class_list":["post-13342","post","type-post","status-publish","format-standard","has-post-thumbnail","hentry","category-actualites","category-monde"],"_links":{"self":[{"href":"https:\/\/ladepeche.mr\/index.php?rest_route=\/wp\/v2\/posts\/13342","targetHints":{"allow":["GET"]}}],"collection":[{"href":"https:\/\/ladepeche.mr\/index.php?rest_route=\/wp\/v2\/posts"}],"about":[{"href":"https:\/\/ladepeche.mr\/index.php?rest_route=\/wp\/v2\/types\/post"}],"author":[{"embeddable":true,"href":"https:\/\/ladepeche.mr\/index.php?rest_route=\/wp\/v2\/users\/2"}],"replies":[{"embeddable":true,"href":"https:\/\/ladepeche.mr\/index.php?rest_route=%2Fwp%2Fv2%2Fcomments&post=13342"}],"version-history":[{"count":4,"href":"https:\/\/ladepeche.mr\/index.php?rest_route=\/wp\/v2\/posts\/13342\/revisions"}],"predecessor-version":[{"id":13348,"href":"https:\/\/ladepeche.mr\/index.php?rest_route=\/wp\/v2\/posts\/13342\/revisions\/13348"}],"wp:featuredmedia":[{"embeddable":true,"href":"https:\/\/ladepeche.mr\/index.php?rest_route=\/wp\/v2\/media\/13343"}],"wp:attachment":[{"href":"https:\/\/ladepeche.mr\/index.php?rest_route=%2Fwp%2Fv2%2Fmedia&parent=13342"}],"wp:term":[{"taxonomy":"category","embeddable":true,"href":"https:\/\/ladepeche.mr\/index.php?rest_route=%2Fwp%2Fv2%2Fcategories&post=13342"},{"taxonomy":"post_tag","embeddable":true,"href":"https:\/\/ladepeche.mr\/index.php?rest_route=%2Fwp%2Fv2%2Ftags&post=13342"}],"curies":[{"name":"wp","href":"https:\/\/api.w.org\/{rel}","templated":true}]}}