{"id":13349,"date":"2025-01-11T15:20:30","date_gmt":"2025-01-11T15:20:30","guid":{"rendered":"https:\/\/ladepeche.mr\/?p=13349"},"modified":"2025-01-11T15:20:30","modified_gmt":"2025-01-11T15:20:30","slug":"au-tchad-la-base-militaire-dabeche-officiellement-retrocedee-par-la-france-ce-samedi","status":"publish","type":"post","link":"https:\/\/ladepeche.mr\/?p=13349","title":{"rendered":"Au Tchad, la base militaire d&#8217;Ab\u00e9ch\u00e9 officiellement r\u00e9troc\u00e9d\u00e9e par la France ce samedi"},"content":{"rendered":"<p class=\"t-content__chapo\">Au Tchad, le retrait des forces arm\u00e9es fran\u00e7aises se poursuit avec la base militaire d&#8217;Ab\u00e9ch\u00e9. La troisi\u00e8me ville la plus peupl\u00e9e du pays a souffert durant la colonisation fran\u00e7aise, et ses habitants voient donc d&#8217;un tr\u00e8s bon \u0153il le d\u00e9part de l&#8217;arm\u00e9e fran\u00e7aise. La c\u00e9r\u00e9monie de remise des cl\u00e9s est pr\u00e9vue ce samedi 11 janvier dans l&#8217;apr\u00e8s-midi.<\/p>\n<div class=\"t-content__dates t-content__dates--reading-time\">\n<p>Au Tchad, le retrait des militaires fran\u00e7ais se poursuit. Apr\u00e8s la rupture d\u00e9cid\u00e9e par les autorit\u00e9s tchadiennes, le 28 novembre dernier, des accords de coop\u00e9ration de d\u00e9fense et de s\u00e9curit\u00e9, le d\u00e9part des forces pr\u00e9sentes sur le pays s\u2019est tr\u00e8s vite enclench\u00e9e.<\/p>\n<p>D\u00e9collage des avions de chasses de la base d\u2019Adji Kosse\u00ef le 10 d\u00e9cembre dernier, \u00e9vacuation de la base de Faya dans la foul\u00e9e et d\u00e9sormais, c&#8217;est au tour de la base d\u2019Ab\u00e9ch\u00e9 d\u2019\u00eatre \u00ab\u00a0<em>lib\u00e9r\u00e9e<\/em>\u00a0\u00bb, comme le disait Aziz Mahamat Saleh, ministre des Infrastructures.<\/p>\n<p>Depuis plusieurs jours, le mat\u00e9riel militaire fran\u00e7ais est progressivement \u00e9vacu\u00e9, mais ce samedi 11 janvier aura lieu la c\u00e9r\u00e9monie officielle.\u00a0Le ministre des Arm\u00e9es et des anciens combattants, Issakha Maloua Djamous, a fait le d\u00e9placement depuis N\u2019Djamena. Il est arriv\u00e9 \u00e0 la base militaire d\u2019Ab\u00e9ch\u00e9 ce vendredi dans l\u2019apr\u00e8s-midi, aux alentours de 16\u00a0h, heure locale, \u00e0 bord d\u2019un avion militaire d\u00e9p\u00each\u00e9 pour l\u2019occasion.<\/p>\n<h2>Une ville meurtrie durant la colonisation<\/h2>\n<p>En ville, une foule s&#8217;est constitu\u00e9e de part et d\u2019autre de la route, acclamant le passage du ministre, avec des youyous et des cris de joie. Le d\u00e9part des troupes fran\u00e7aises d\u2019Ab\u00e9ch\u00e9 est vu d\u2019un tr\u00e8s bon \u0153il ici. Cette ville de l\u2019est du pays, qui constitue un carrefour entre le nord et le sud du\u00a0<strong><a class=\"gtm-add-suggested-tag\" href=\"https:\/\/www.rfi.fr\/fr\/tag\/tchad\/\" target=\"_self\">Tchad<\/a><\/strong>, a \u00e9t\u00e9 meurtrie par plusieurs massacres pendant la colonisation fran\u00e7aise. Ab\u00e9ch\u00e9 est donc connue pour son hostilit\u00e9, manifest\u00e9e depuis longtemps, envers cette pr\u00e9sence militaire fran\u00e7aise.<\/p>\n<p>Le rendez-vous est pris dans la matin\u00e9e \u00e0 la base militaire d\u2019Ab\u00e9ch\u00e9 pour la c\u00e9r\u00e9monie officielle de d\u00e9part de l\u2019arm\u00e9e fran\u00e7aise. Pour le moment, on ne sait pas qui repr\u00e9sentera les forces fran\u00e7aises pour rendre les cl\u00e9s de la base aux autorit\u00e9s tchadiennes.<\/p>\n<p>Rfi<\/p>\n<\/div>\n","protected":false},"excerpt":{"rendered":"<p>Au Tchad, le retrait des forces arm\u00e9es fran\u00e7aises se poursuit avec la base militaire d&#8217;Ab\u00e9ch\u00e9. La troisi\u00e8me ville la plus peupl\u00e9e du pays a souffert durant la colonisation fran\u00e7aise, et ses habitants voient donc d&#8217;un tr\u00e8s bon \u0153il le d\u00e9part de l&#8217;arm\u00e9e fran\u00e7aise. La c\u00e9r\u00e9monie de remise des cl\u00e9s est pr\u00e9vue ce samedi 11 janvier &hellip;<\/p>\n","protected":false},"author":2,"featured_media":13350,"comment_status":"open","ping_status":"open","sticky":false,"template":"","format":"standard","meta":{"footnotes":""},"categories":[18,29],"tags":[],"class_list":["post-13349","post","type-post","status-publish","format-standard","has-post-thumbnail","hentry","category-actualites","category-monde"],"_links":{"self":[{"href":"https:\/\/ladepeche.mr\/index.php?rest_route=\/wp\/v2\/posts\/13349","targetHints":{"allow":["GET"]}}],"collection":[{"href":"https:\/\/ladepeche.mr\/index.php?rest_route=\/wp\/v2\/posts"}],"about":[{"href":"https:\/\/ladepeche.mr\/index.php?rest_route=\/wp\/v2\/types\/post"}],"author":[{"embeddable":true,"href":"https:\/\/ladepeche.mr\/index.php?rest_route=\/wp\/v2\/users\/2"}],"replies":[{"embeddable":true,"href":"https:\/\/ladepeche.mr\/index.php?rest_route=%2Fwp%2Fv2%2Fcomments&post=13349"}],"version-history":[{"count":1,"href":"https:\/\/ladepeche.mr\/index.php?rest_route=\/wp\/v2\/posts\/13349\/revisions"}],"predecessor-version":[{"id":13351,"href":"https:\/\/ladepeche.mr\/index.php?rest_route=\/wp\/v2\/posts\/13349\/revisions\/13351"}],"wp:featuredmedia":[{"embeddable":true,"href":"https:\/\/ladepeche.mr\/index.php?rest_route=\/wp\/v2\/media\/13350"}],"wp:attachment":[{"href":"https:\/\/ladepeche.mr\/index.php?rest_route=%2Fwp%2Fv2%2Fmedia&parent=13349"}],"wp:term":[{"taxonomy":"category","embeddable":true,"href":"https:\/\/ladepeche.mr\/index.php?rest_route=%2Fwp%2Fv2%2Fcategories&post=13349"},{"taxonomy":"post_tag","embeddable":true,"href":"https:\/\/ladepeche.mr\/index.php?rest_route=%2Fwp%2Fv2%2Ftags&post=13349"}],"curies":[{"name":"wp","href":"https:\/\/api.w.org\/{rel}","templated":true}]}}