{"id":13352,"date":"2025-01-15T10:27:44","date_gmt":"2025-01-15T10:27:44","guid":{"rendered":"https:\/\/ladepeche.mr\/?p=13352"},"modified":"2025-01-15T10:27:44","modified_gmt":"2025-01-15T10:27:44","slug":"conseil-superieur-de-la-magistrature-prestation-de-serment-de-3-nouveaux-membres","status":"publish","type":"post","link":"https:\/\/ladepeche.mr\/?p=13352","title":{"rendered":"Conseil sup\u00e9rieur de la magistrature: Prestation de serment de 3 nouveaux membres"},"content":{"rendered":"\r\n<p>Le Pr\u00e9sident du Conseil sup\u00e9rieur de la magistrature, Monsieur Mohamed Ould Cheikh El Ghazouani, a pr\u00e9sid\u00e9, mardi au Palais pr\u00e9sidentiel de Nouakchott, la c\u00e9r\u00e9monie de prestation de serment de trois membres du Conseil constitutionnel.<br \/><br \/>Le Pr\u00e9sident de la R\u00e9publique a invit\u00e9 les trois membres, \u00e0 savoir MM : Lebatt Ould El Ghassem, Teyib Ould Mahmoud et Outhmane Moussa Thiam, \u00e0 pr\u00eater le serment suivant :<br \/><br \/>\u201d Je jure par Allah Le Tout Puissant d\u2019accomplir mes fonctions avec d\u00e9vouement et de les exercer en toute impartialit\u00e9 dans le respect de la Constitution, de garder la Confidentialit\u00e9 des d\u00e9lib\u00e9rations et des votes, d\u2019\u00e9viter de prendre toute position solennelle et de m\u2019abstenir de donner un avis sur des questions relevant des comp\u00e9tences du Conseil\u201d.<br \/><br \/><br \/><br \/>La c\u00e9r\u00e9monie de prestation de serment s\u2019est d\u00e9roul\u00e9e en pr\u00e9sence de MM :<br \/><br \/><br \/><br \/>Mohamed Bamba Meguettt, pr\u00e9sident de l\u2019Assembl\u00e9e nationale,<br \/><br \/>Diallo Mamadou Bathia, pr\u00e9sident du Conseil constitutionnel,<br \/><br \/>Moulaye Ould Mohamed Laghdaf, ministre secr\u00e9taire g\u00e9n\u00e9ral de la Pr\u00e9sidence de la R\u00e9publique,<br \/><br \/>Mohamed Mahmoud Cheikh Abdoullah Boya, ministre de la Justice,<br \/><br \/>Cheikh Ahmed Ould Sid\u2019Ahmed, pr\u00e9sident de la Cour supr\u00eame,<br \/><br \/>Isselmou Sid\u2019El Moustaph, pr\u00e9sident du Haut Conseil Islamique pour la Fatwa,<br \/><br \/>Hamed Ould Ahmed Taleb, pr\u00e9sident de la Cour des comptes,<br \/><br \/>Mohamed Lemine Ould Mohamed, procureur g\u00e9n\u00e9ral de la Cour supr\u00eame,<br \/><br \/>Mohamed Mahmoud Ould Emmat, conseiller \u00e0 la pr\u00e9sidence de la R\u00e9publique, et<br \/><br \/>B\u2019netta mint El Khaless, secr\u00e9taire g\u00e9n\u00e9rale du Conseil constitutionnel.<\/p>\r\n","protected":false},"excerpt":{"rendered":"<p>Le Pr\u00e9sident du Conseil sup\u00e9rieur de la magistrature, Monsieur Mohamed Ould Cheikh El Ghazouani, a pr\u00e9sid\u00e9, mardi au Palais pr\u00e9sidentiel de Nouakchott, la c\u00e9r\u00e9monie de prestation de serment de trois membres du Conseil constitutionnel.Le Pr\u00e9sident de la R\u00e9publique a invit\u00e9 les trois membres, \u00e0 savoir MM : Lebatt Ould El Ghassem, Teyib Ould Mahmoud et &hellip;<\/p>\n","protected":false},"author":2,"featured_media":13395,"comment_status":"open","ping_status":"open","sticky":false,"template":"","format":"standard","meta":{"footnotes":""},"categories":[18],"tags":[],"class_list":["post-13352","post","type-post","status-publish","format-standard","has-post-thumbnail","hentry","category-actualites"],"_links":{"self":[{"href":"https:\/\/ladepeche.mr\/index.php?rest_route=\/wp\/v2\/posts\/13352","targetHints":{"allow":["GET"]}}],"collection":[{"href":"https:\/\/ladepeche.mr\/index.php?rest_route=\/wp\/v2\/posts"}],"about":[{"href":"https:\/\/ladepeche.mr\/index.php?rest_route=\/wp\/v2\/types\/post"}],"author":[{"embeddable":true,"href":"https:\/\/ladepeche.mr\/index.php?rest_route=\/wp\/v2\/users\/2"}],"replies":[{"embeddable":true,"href":"https:\/\/ladepeche.mr\/index.php?rest_route=%2Fwp%2Fv2%2Fcomments&post=13352"}],"version-history":[{"count":2,"href":"https:\/\/ladepeche.mr\/index.php?rest_route=\/wp\/v2\/posts\/13352\/revisions"}],"predecessor-version":[{"id":13396,"href":"https:\/\/ladepeche.mr\/index.php?rest_route=\/wp\/v2\/posts\/13352\/revisions\/13396"}],"wp:featuredmedia":[{"embeddable":true,"href":"https:\/\/ladepeche.mr\/index.php?rest_route=\/wp\/v2\/media\/13395"}],"wp:attachment":[{"href":"https:\/\/ladepeche.mr\/index.php?rest_route=%2Fwp%2Fv2%2Fmedia&parent=13352"}],"wp:term":[{"taxonomy":"category","embeddable":true,"href":"https:\/\/ladepeche.mr\/index.php?rest_route=%2Fwp%2Fv2%2Fcategories&post=13352"},{"taxonomy":"post_tag","embeddable":true,"href":"https:\/\/ladepeche.mr\/index.php?rest_route=%2Fwp%2Fv2%2Ftags&post=13352"}],"curies":[{"name":"wp","href":"https:\/\/api.w.org\/{rel}","templated":true}]}}