{"id":13353,"date":"2025-01-13T15:50:12","date_gmt":"2025-01-13T15:50:12","guid":{"rendered":"https:\/\/ladepeche.mr\/?p=13353"},"modified":"2025-01-13T15:50:12","modified_gmt":"2025-01-13T15:50:12","slug":"le-premier-ministre-senegalais-entame-une-visite-damitie-et-de-travail-en-mauritanie","status":"publish","type":"post","link":"https:\/\/ladepeche.mr\/?p=13353","title":{"rendered":"Le Premier ministre s\u00e9n\u00e9galais entame une visite d\u2019amiti\u00e9 et de travail en Mauritanie"},"content":{"rendered":"<p>on Excellence le Premier ministre de la R\u00e9publique du S\u00e9n\u00e9gal, M. Ousmane Sonko, est arriv\u00e9 dimanche soir \u00e0 Nouakchott, au d\u00e9but d\u2019une visite d\u2019amiti\u00e9 et de travail de trois jours en Mauritanie.<\/p>\n<p>Le Premier ministre Moctar Ould Diay a accueilli l\u2019h\u00f4te s\u00e9n\u00e9galais \u00e0 l\u2019a\u00e9roport international de Nouakchott, entour\u00e9 de plusieurs membres du gouvernement, du directeur de cabinet du Premier ministre, de l\u2019ambassadeur de Mauritanie accr\u00e9dit\u00e9 au S\u00e9n\u00e9gal, des conseillers au premier minist\u00e8re, du wali de Nouakchott Ouest de la pr\u00e9sidente du Conseil r\u00e9gional de Nouakchott, de l\u2019ambassadeur du S\u00e9n\u00e9gal en Mauritanie et des repr\u00e9sentants de la colonie s\u00e9n\u00e9galaise en Mauritanie.<\/p>\n<p>Le Premier Ministre a eu un entretien avec son homologue s\u00e9n\u00e9galais dans le salon d\u2019honneur de l\u2019aile pr\u00e9sidentielle de l\u2019a\u00e9roport international de Nouakchott.<\/p>\n<p>Le Premier Ministre s\u00e9n\u00e9galais est accompagn\u00e9 d\u2019une importante d\u00e9l\u00e9gation compos\u00e9e de MM :<\/p>\n<p>\u2013 Yacine Fall, Ministre de l\u2019Int\u00e9gration Africaine et des Affaires Etrang\u00e8res.<\/p>\n<p>\u2013 G\u00e9n\u00e9ral Jean Baptiste Tine, Ministre de l\u2019Int\u00e9rieur et de la S\u00e9curit\u00e9 Publique.<\/p>\n<p>\u2013 Birama Soulley Diop, Ministre de l\u2019Energie, du P\u00e9trole et des Mines.<\/p>\n<p>-Yacouba Di\u00e9m\u00e9, ministre des Infrastructures, des Transports routiers et a\u00e9riens.<\/p>\n<p>\u2013 Fatou Diouf, ministre de la p\u00eache, des infrastructures maritimes et portuaires.<\/p>\n<p>Ami<\/p>\n","protected":false},"excerpt":{"rendered":"<p>on Excellence le Premier ministre de la R\u00e9publique du S\u00e9n\u00e9gal, M. Ousmane Sonko, est arriv\u00e9 dimanche soir \u00e0 Nouakchott, au d\u00e9but d\u2019une visite d\u2019amiti\u00e9 et de travail de trois jours en Mauritanie. Le Premier ministre Moctar Ould Diay a accueilli l\u2019h\u00f4te s\u00e9n\u00e9galais \u00e0 l\u2019a\u00e9roport international de Nouakchott, entour\u00e9 de plusieurs membres du gouvernement, du directeur &hellip;<\/p>\n","protected":false},"author":2,"featured_media":13354,"comment_status":"open","ping_status":"open","sticky":false,"template":"","format":"standard","meta":{"footnotes":""},"categories":[18,29],"tags":[],"class_list":["post-13353","post","type-post","status-publish","format-standard","has-post-thumbnail","hentry","category-actualites","category-monde"],"_links":{"self":[{"href":"https:\/\/ladepeche.mr\/index.php?rest_route=\/wp\/v2\/posts\/13353","targetHints":{"allow":["GET"]}}],"collection":[{"href":"https:\/\/ladepeche.mr\/index.php?rest_route=\/wp\/v2\/posts"}],"about":[{"href":"https:\/\/ladepeche.mr\/index.php?rest_route=\/wp\/v2\/types\/post"}],"author":[{"embeddable":true,"href":"https:\/\/ladepeche.mr\/index.php?rest_route=\/wp\/v2\/users\/2"}],"replies":[{"embeddable":true,"href":"https:\/\/ladepeche.mr\/index.php?rest_route=%2Fwp%2Fv2%2Fcomments&post=13353"}],"version-history":[{"count":1,"href":"https:\/\/ladepeche.mr\/index.php?rest_route=\/wp\/v2\/posts\/13353\/revisions"}],"predecessor-version":[{"id":13355,"href":"https:\/\/ladepeche.mr\/index.php?rest_route=\/wp\/v2\/posts\/13353\/revisions\/13355"}],"wp:featuredmedia":[{"embeddable":true,"href":"https:\/\/ladepeche.mr\/index.php?rest_route=\/wp\/v2\/media\/13354"}],"wp:attachment":[{"href":"https:\/\/ladepeche.mr\/index.php?rest_route=%2Fwp%2Fv2%2Fmedia&parent=13353"}],"wp:term":[{"taxonomy":"category","embeddable":true,"href":"https:\/\/ladepeche.mr\/index.php?rest_route=%2Fwp%2Fv2%2Fcategories&post=13353"},{"taxonomy":"post_tag","embeddable":true,"href":"https:\/\/ladepeche.mr\/index.php?rest_route=%2Fwp%2Fv2%2Ftags&post=13353"}],"curies":[{"name":"wp","href":"https:\/\/api.w.org\/{rel}","templated":true}]}}