{"id":13356,"date":"2025-01-13T16:00:26","date_gmt":"2025-01-13T16:00:26","guid":{"rendered":"https:\/\/ladepeche.mr\/?p=13356"},"modified":"2025-01-13T16:09:04","modified_gmt":"2025-01-13T16:09:04","slug":"le-ministre-de-leconomie-et-des-finances-et-le-gouverneur-de-la-banque-centrale-discutent-avec-le-president-de-la-banque-islamique-de-developpement","status":"publish","type":"post","link":"https:\/\/ladepeche.mr\/?p=13356","title":{"rendered":"Le Ministre de l&#8217;\u00e9conomie et le Gouverneur de la BCM discutent avec le Pr\u00e9sident de la Banque Islamique de D\u00e9veloppement"},"content":{"rendered":"<p>Son Excellence le Ministre de l\u2019\u00c9conomie et des Finances, M. Sid&#8217;Ahmed Ould Bouh, a tenu aujourd\u2019hui, dimanche, en compagnie de Son Excellence le Gouverneur de la Banque Centrale de Mauritanie, M. Mohamed Lemine Ould Dhehby, des discussions avec le Pr\u00e9sident du Groupe de la Banque Islamique de D\u00e9veloppement, Son Excellence Dr. Mohamed Ben Selmane Al-Jasser. Ces \u00e9changes ont eu lieu en marge du Forum consultatif des Gouverneurs du Groupe de la Banque Islamique de D\u00e9veloppement, organis\u00e9 \u00e0 M\u00e9dine, en Arabie Saoudite.<\/p>\n<p>Cette rencontre a \u00e9t\u00e9 consacr\u00e9e \u00e0 l\u2019examen des diff\u00e9rents dossiers de coop\u00e9ration et de partenariat entre les deux parties.<\/p>\n<p>Les deux parties ont discut\u00e9 des moyens de renforcer et de d\u00e9velopper le soutien au d\u00e9veloppement que le groupe apporte \u00e0 notre pays \u00e0 travers les diff\u00e9rents m\u00e9canismes d\u2019assistance qu\u2019il propose aux pays membres, notamment le financement du commerce et la lutte contre la pauvret\u00e9.<\/p>\n<p>Il est \u00e0 noter que notre pays avait sign\u00e9, en mai dernier, le document de lancement du cadre de coop\u00e9ration (2024-2026) avec la Banque Islamique de D\u00e9veloppement.<\/p>\n<p>Ce cadre, qui s\u2019\u00e9tend sur trois ans, vise \u00e0 poursuivre le soutien aux efforts de d\u00e9veloppement \u00e9conomique et social dans notre pays, en acc\u00e9l\u00e9rant la croissance \u00e9conomique gr\u00e2ce au financement de projets li\u00e9s \u00e0 la transition \u00e9nerg\u00e9tique, \u00e0 l\u2019agriculture, \u00e0 l\u2019eau et aux infrastructures de transport. Il pr\u00e9voit \u00e9galement le renforcement du d\u00e9veloppement du capital humain et de l\u2019inclusion sociale, \u00e0 travers l\u2019am\u00e9lioration de l\u2019\u00e9ducation, de la formation professionnelle et des soins de sant\u00e9.<\/p>\n<p>Le co\u00fbt total des projets financ\u00e9s dans le cadre de cet accord s\u2019\u00e9l\u00e8ve \u00e0 un milliard de dollars am\u00e9ricains.<\/p>\n<p>MEF<\/p>\n","protected":false},"excerpt":{"rendered":"<p>Son Excellence le Ministre de l\u2019\u00c9conomie et des Finances, M. Sid&#8217;Ahmed Ould Bouh, a tenu aujourd\u2019hui, dimanche, en compagnie de Son Excellence le Gouverneur de la Banque Centrale de Mauritanie, M. Mohamed Lemine Ould Dhehby, des discussions avec le Pr\u00e9sident du Groupe de la Banque Islamique de D\u00e9veloppement, Son Excellence Dr. Mohamed Ben Selmane Al-Jasser. &hellip;<\/p>\n","protected":false},"author":2,"featured_media":13357,"comment_status":"open","ping_status":"open","sticky":false,"template":"","format":"standard","meta":{"footnotes":""},"categories":[18,2],"tags":[],"class_list":["post-13356","post","type-post","status-publish","format-standard","has-post-thumbnail","hentry","category-actualites","category-economie"],"_links":{"self":[{"href":"https:\/\/ladepeche.mr\/index.php?rest_route=\/wp\/v2\/posts\/13356","targetHints":{"allow":["GET"]}}],"collection":[{"href":"https:\/\/ladepeche.mr\/index.php?rest_route=\/wp\/v2\/posts"}],"about":[{"href":"https:\/\/ladepeche.mr\/index.php?rest_route=\/wp\/v2\/types\/post"}],"author":[{"embeddable":true,"href":"https:\/\/ladepeche.mr\/index.php?rest_route=\/wp\/v2\/users\/2"}],"replies":[{"embeddable":true,"href":"https:\/\/ladepeche.mr\/index.php?rest_route=%2Fwp%2Fv2%2Fcomments&post=13356"}],"version-history":[{"count":2,"href":"https:\/\/ladepeche.mr\/index.php?rest_route=\/wp\/v2\/posts\/13356\/revisions"}],"predecessor-version":[{"id":13362,"href":"https:\/\/ladepeche.mr\/index.php?rest_route=\/wp\/v2\/posts\/13356\/revisions\/13362"}],"wp:featuredmedia":[{"embeddable":true,"href":"https:\/\/ladepeche.mr\/index.php?rest_route=\/wp\/v2\/media\/13357"}],"wp:attachment":[{"href":"https:\/\/ladepeche.mr\/index.php?rest_route=%2Fwp%2Fv2%2Fmedia&parent=13356"}],"wp:term":[{"taxonomy":"category","embeddable":true,"href":"https:\/\/ladepeche.mr\/index.php?rest_route=%2Fwp%2Fv2%2Fcategories&post=13356"},{"taxonomy":"post_tag","embeddable":true,"href":"https:\/\/ladepeche.mr\/index.php?rest_route=%2Fwp%2Fv2%2Ftags&post=13356"}],"curies":[{"name":"wp","href":"https:\/\/api.w.org\/{rel}","templated":true}]}}