{"id":13375,"date":"2025-01-14T11:55:43","date_gmt":"2025-01-14T11:55:43","guid":{"rendered":"https:\/\/ladepeche.mr\/?p=13375"},"modified":"2025-01-14T12:00:51","modified_gmt":"2025-01-14T12:00:51","slug":"une-israelienne-a-nouakchott-tempete-sur-tanit","status":"publish","type":"post","link":"https:\/\/ladepeche.mr\/?p=13375","title":{"rendered":"Une isra\u00e9lienne \u00e0 Nouakchott: Temp\u00eate sur Tanit!"},"content":{"rendered":"<p>Une nouvelle pol\u00e9mique enfle encore. On aurait pu s\u2019en passer si l&#8217;intruse\u00a0 concern\u00e9e n\u2019\u00e9tait pas isra\u00e9lienne (de double nationalit\u00e9) et si son h\u00f4te n\u2019\u00e9tait pas une structure publique: le Port de Tanit.<\/p>\n<p style=\"font-weight: 400; text-align: left;\">Comment des structures publiques peuvent-elles \u00eatre si poreuses et si perm\u00e9ables ? Tout n\u2019est sans doute pas un hasard d\u2019agenda peu regardant ou de rencontre fortuite car apparemment notre h\u00f4te g\u00eanante ne se comportait pas presque comme chez elle. Ce ne serait pas son premier voyage en Mauritanie. Elle s\u2019y pavane \u00e0 son aise m\u00eame si elle y s\u00e9journe sous le sceau du passeport marocain.<\/p>\n<p style=\"font-weight: 400;\">Qui l\u2019a invit\u00e9e? Pour quelle raison. Silence officiel.\u00a0Selon nos confr\u00e8res de Alakhbar, Irit Ovadia, patron d\u2019une entreprise en Israel qui s\u2019appellerait IMS\u00a0(International M\u00e9dical Services), est sp\u00e9cialis\u00e9e dans le secteur de la sant\u00e9. C\u2019est en tout cas ce qu\u2019en r\u00e9v\u00e8le son siteweb\u00a0:\u00a0<em>\u00ab\u00a0IMS est sp\u00e9cialis\u00e9 dans la r\u00e9alisation de projets de sant\u00e9 \u00e0 grande \u00e9chelle en Afrique et fournit \u00e0 ses clients des solutions cl\u00e9s, de la planification initiale \u00e0 la construction en passant par la gestion globale de la qualit\u00e9 des h\u00f4pitaux<\/em>\u00a0\u00bb. Elle serait pourtant venue en novembre 2024 \u00e0 Nouakchott,\u00a0<em>\u00ab\u00a0sur la base d&#8217;une invitation qu&#8217;elle a re\u00e7ue en octobre du directeur du port, Ahmed Ould Khatri (\u2026) pour explorer les opportunit\u00e9s d&#8217;investissement en Mauritanie<\/em>&#8221; ? Le DG du port de Tanit soutiendrait encore qu\u2019il aurait jet\u00e9 son d\u00e9volu sur cette femme, \u00e0 moiti\u00e9 isra\u00e9lienne, sur conseil d\u2019une autre femme marocaine. Fatal. La confusion de genres laisse donc les supputations prendre le dessus pour expliquer les motivations d\u2019une pr\u00e9sence \u00ab\u00e9trange\u00bb en d\u00e9pit de son passeport marocain. Comment expliquer la signature s\u00e9ance tenante d\u2019un accord avec une entit\u00e9 qui vient d\u2019\u00eatre introduite? Aussr\u00e9ment, le DG de Tanit est all\u00e9 vite en besogne.<\/p>\n<p style=\"font-weight: 400;\">D&#8217;autant qu&#8217;en ces temps qui courent le gouvernement extr\u00e9miste isra\u00e9lien s\u2019en donne \u00e0 c\u0153ur joie dans le massacre de civils palestiniens. La pr\u00e9sence d\u2019un ressortissant d&#8217;Israel -il y a des isra\u00e9liens qui sont contre le g\u00e9nocide commis en leur nom- en Mauritanie, quel que soit sa couverture, n\u2019est pas la bienvenue. Ne serait-ce que pour sa propre s\u00e9curit\u00e9. Pire encore, cette affaire est r\u00e9cup\u00e9r\u00e9e par nos confr\u00e8res alg\u00e9riens qui y brodent pour susciter la suspicion entre le gouvernement et le royaume ch\u00e9rifien. Et c&#8217;est encore l\u00e1 une autre dimension de cette visite pour le moins inopin\u00e9e.<\/p>\n","protected":false},"excerpt":{"rendered":"<p>Une nouvelle pol\u00e9mique enfle encore. On aurait pu s\u2019en passer si l&#8217;intruse\u00a0 concern\u00e9e n\u2019\u00e9tait pas isra\u00e9lienne (de double nationalit\u00e9) et si son h\u00f4te n\u2019\u00e9tait pas une structure publique: le Port de Tanit. Comment des structures publiques peuvent-elles \u00eatre si poreuses et si perm\u00e9ables ? Tout n\u2019est sans doute pas un hasard d\u2019agenda peu regardant ou &hellip;<\/p>\n","protected":false},"author":2,"featured_media":13378,"comment_status":"open","ping_status":"open","sticky":false,"template":"","format":"standard","meta":{"footnotes":""},"categories":[18,2],"tags":[],"class_list":["post-13375","post","type-post","status-publish","format-standard","has-post-thumbnail","hentry","category-actualites","category-economie"],"_links":{"self":[{"href":"https:\/\/ladepeche.mr\/index.php?rest_route=\/wp\/v2\/posts\/13375","targetHints":{"allow":["GET"]}}],"collection":[{"href":"https:\/\/ladepeche.mr\/index.php?rest_route=\/wp\/v2\/posts"}],"about":[{"href":"https:\/\/ladepeche.mr\/index.php?rest_route=\/wp\/v2\/types\/post"}],"author":[{"embeddable":true,"href":"https:\/\/ladepeche.mr\/index.php?rest_route=\/wp\/v2\/users\/2"}],"replies":[{"embeddable":true,"href":"https:\/\/ladepeche.mr\/index.php?rest_route=%2Fwp%2Fv2%2Fcomments&post=13375"}],"version-history":[{"count":4,"href":"https:\/\/ladepeche.mr\/index.php?rest_route=\/wp\/v2\/posts\/13375\/revisions"}],"predecessor-version":[{"id":13380,"href":"https:\/\/ladepeche.mr\/index.php?rest_route=\/wp\/v2\/posts\/13375\/revisions\/13380"}],"wp:featuredmedia":[{"embeddable":true,"href":"https:\/\/ladepeche.mr\/index.php?rest_route=\/wp\/v2\/media\/13378"}],"wp:attachment":[{"href":"https:\/\/ladepeche.mr\/index.php?rest_route=%2Fwp%2Fv2%2Fmedia&parent=13375"}],"wp:term":[{"taxonomy":"category","embeddable":true,"href":"https:\/\/ladepeche.mr\/index.php?rest_route=%2Fwp%2Fv2%2Fcategories&post=13375"},{"taxonomy":"post_tag","embeddable":true,"href":"https:\/\/ladepeche.mr\/index.php?rest_route=%2Fwp%2Fv2%2Ftags&post=13375"}],"curies":[{"name":"wp","href":"https:\/\/api.w.org\/{rel}","templated":true}]}}