{"id":13381,"date":"2025-01-14T12:32:34","date_gmt":"2025-01-14T12:32:34","guid":{"rendered":"https:\/\/ladepeche.mr\/?p=13381"},"modified":"2025-01-14T12:33:21","modified_gmt":"2025-01-14T12:33:21","slug":"affaire-aziz-requisitoire-de-la-defense-contre-le-tribunal","status":"publish","type":"post","link":"https:\/\/ladepeche.mr\/?p=13381","title":{"rendered":"Affaire Aziz\u00a0: R\u00e9quisitoire de la d\u00e9fense contre le tribunal"},"content":{"rendered":"<p>La d\u00e9fense de l\u2019ex-pr\u00e9sident, Mohamed Ould Abdelaziz, a proc\u00e9d\u00e9 \u00e0 un v\u00e9ritable r\u00e9quisitoire contre le tribunal qui juge son client pour ce qu\u2019elle consid\u00e8re comme violation des conditions d\u2019organisation du proc\u00e8s et de d\u00e9ni d&#8217;auscultation de l\u2019ancien pr\u00e9sident.<\/p>\n<p>La d\u00e9fense s\u2019est \u00e9galement insurg\u00e9e contre ce qu\u2019elle consid\u00e8re comme des pr\u00e9tentions sur l\u2019\u00e9tat de sant\u00e9 de l\u2019ancien pr\u00e9sident. Selon la d\u00e9fense, la rencontre entre cette \u00e9quipe m\u00e9dicale et l\u2019ancien pr\u00e9sident n\u2019a pas d\u00e9pass\u00e9 les salutations d\u2019usage. Ould Abdelaziz refuserait, en effet, d\u2019\u00eatre auscult\u00e9 par d\u2019autres m\u00e9decins que ceux qu\u2019il se sera choisis. La d\u00e9fense argue, par ailleurs, n\u2019avoir re\u00e7u aucun rapport de la dite mission m\u00e9dicale aupr\u00e8s de l\u2019ancien pr\u00e9sident.<\/p>\n<p>La d\u00e9fense a encore d\u00e9nigr\u00e9 le cr\u00e9dit des t\u00e9moignages pr\u00e9sent\u00e9s dans le proc\u00e8s. La d\u00e9fense indique enfin avoir pr\u00e9sent\u00e9 deux requ\u00eates d\u2019enqu\u00eates, l\u2019une sur deux pr\u00e9tendues malles d\u2019argent cit\u00e9es par l\u2019ancien pr\u00e9sident lors de son audition, et une seconde pour confondre de hauts fonctionnaires \u00ab impliqu\u00e9s dans ce dossier \u00bb.<\/p>\n","protected":false},"excerpt":{"rendered":"<p>La d\u00e9fense de l\u2019ex-pr\u00e9sident, Mohamed Ould Abdelaziz, a proc\u00e9d\u00e9 \u00e0 un v\u00e9ritable r\u00e9quisitoire contre le tribunal qui juge son client pour ce qu\u2019elle consid\u00e8re comme violation des conditions d\u2019organisation du proc\u00e8s et de d\u00e9ni d&#8217;auscultation de l\u2019ancien pr\u00e9sident. La d\u00e9fense s\u2019est \u00e9galement insurg\u00e9e contre ce qu\u2019elle consid\u00e8re comme des pr\u00e9tentions sur l\u2019\u00e9tat de sant\u00e9 de &hellip;<\/p>\n","protected":false},"author":2,"featured_media":1755,"comment_status":"open","ping_status":"open","sticky":false,"template":"","format":"standard","meta":{"footnotes":""},"categories":[18],"tags":[],"class_list":["post-13381","post","type-post","status-publish","format-standard","has-post-thumbnail","hentry","category-actualites"],"_links":{"self":[{"href":"https:\/\/ladepeche.mr\/index.php?rest_route=\/wp\/v2\/posts\/13381","targetHints":{"allow":["GET"]}}],"collection":[{"href":"https:\/\/ladepeche.mr\/index.php?rest_route=\/wp\/v2\/posts"}],"about":[{"href":"https:\/\/ladepeche.mr\/index.php?rest_route=\/wp\/v2\/types\/post"}],"author":[{"embeddable":true,"href":"https:\/\/ladepeche.mr\/index.php?rest_route=\/wp\/v2\/users\/2"}],"replies":[{"embeddable":true,"href":"https:\/\/ladepeche.mr\/index.php?rest_route=%2Fwp%2Fv2%2Fcomments&post=13381"}],"version-history":[{"count":2,"href":"https:\/\/ladepeche.mr\/index.php?rest_route=\/wp\/v2\/posts\/13381\/revisions"}],"predecessor-version":[{"id":13383,"href":"https:\/\/ladepeche.mr\/index.php?rest_route=\/wp\/v2\/posts\/13381\/revisions\/13383"}],"wp:featuredmedia":[{"embeddable":true,"href":"https:\/\/ladepeche.mr\/index.php?rest_route=\/wp\/v2\/media\/1755"}],"wp:attachment":[{"href":"https:\/\/ladepeche.mr\/index.php?rest_route=%2Fwp%2Fv2%2Fmedia&parent=13381"}],"wp:term":[{"taxonomy":"category","embeddable":true,"href":"https:\/\/ladepeche.mr\/index.php?rest_route=%2Fwp%2Fv2%2Fcategories&post=13381"},{"taxonomy":"post_tag","embeddable":true,"href":"https:\/\/ladepeche.mr\/index.php?rest_route=%2Fwp%2Fv2%2Ftags&post=13381"}],"curies":[{"name":"wp","href":"https:\/\/api.w.org\/{rel}","templated":true}]}}