{"id":13385,"date":"2025-01-14T12:43:26","date_gmt":"2025-01-14T12:43:26","guid":{"rendered":"https:\/\/ladepeche.mr\/?p=13385"},"modified":"2025-01-14T12:43:26","modified_gmt":"2025-01-14T12:43:26","slug":"cooperation-la-mauritanie-disposee-a-soutenir-le-soudan-pour-sortir-de-la-crise-communique-final","status":"publish","type":"post","link":"https:\/\/ladepeche.mr\/?p=13385","title":{"rendered":"Coop\u00e9ration: La Mauritanie dispos\u00e9e \u00e0 soutenir le Soudan pour sortir de la crise (communiqu\u00e9 final)"},"content":{"rendered":"<p>S.E. le pr\u00e9sident de la R\u00e9publique et pr\u00e9sident de l\u2019Union africaine (UA), M. Mohamed Ould Cheikh El Ghazouani, s\u2019est entretenu, lundi soir, au palais pr\u00e9sidentiel, \u00e0 Nouakchott, avec le g\u00e9n\u00e9ral Abdel Fattah Al-Burhan, Pr\u00e9sident du Conseil de souverainet\u00e9 de transition de la r\u00e9publique du Soudan, en visite dans le pays \u00e0 la t\u00eate d\u2019une importante d\u00e9l\u00e9gation.<\/p>\n<p>\u00c0 l\u2019issue de ces entretiens qui ont port\u00e9 sur les relations bilat\u00e9rales et l\u2019actualit\u00e9 de la R\u00e9publique du Soudan, les deux parties ont publi\u00e9 le communiqu\u00e9 final suivant :<\/p>\n<p>\u00ab Les 13 et 14 janvier 2025, le G\u00e9n\u00e9ral Abdel Fattah Al Burhan, Pr\u00e9sident du Conseil de souverainet\u00e9 de transition de la r\u00e9publique du Soudan, a effectu\u00e9 une visite en R\u00e9publique Islamique de Mauritanie \u00e0 la t\u00eate d\u2019une importante d\u00e9l\u00e9gation soudanaise. Il a \u00e9t\u00e9 re\u00e7u par S.E. le Pr\u00e9sident de la R\u00e9publique, Pr\u00e9sident en exercice de l\u2019Union Africaine, M. Mohamed Ould Cheikh El Ghazouani.<\/p>\n<p>Cette visite s\u2019inscrit dans le cadre des relations fraternelles bien \u00e9tablies entre notre pays et la R\u00e9publique du Soudan, renforc\u00e9es par les liens historiques et culturels communs entre les deux peuples fr\u00e8res.<\/p>\n<p>S.E. le Pr\u00e9sident de la R\u00e9publique Mohamed Ould Cheikh El Ghazouani a eu des entretiens avec le G\u00e9n\u00e9ral Abdel Fattah Al Burhan, Pr\u00e9sident du Conseil de souverainet\u00e9 de transition de la r\u00e9publique du Soudan, portant sur les relations bilat\u00e9rales et l\u2019\u00e9volution de la situation en R\u00e9publique du Soudan.<\/p>\n<p>Le Pr\u00e9sident de la R\u00e9publique a exprim\u00e9 \u00e0 son h\u00f4te soudanais sa grande pr\u00e9occupation face \u00e0 l\u2019\u00e9volution de la crise soudanaise, avec ses dimensions s\u00e9curitaire, politique, sociale et humanitaire, et le danger de sa poursuite sur l\u2019unit\u00e9 et l\u2019int\u00e9grit\u00e9 territoriale du Soudan. Il a \u00e9galement exprim\u00e9 sa profonde pr\u00e9occupation face \u00e0 la situation humanitaire dont souffre le peuple soudanais, soulignant la n\u00e9cessit\u00e9 d\u2019une r\u00e9ponse urgente et globale qui assure un acc\u00e8s sans entrave \u00e0 toutes les zones touch\u00e9es et l\u2019\u00e9laboration de plans pratiques pour la reconstruction et la revitalisation de l\u2019\u00e9conomie soudanaise.<\/p>\n<p>Le Pr\u00e9sident de la R\u00e9publique a assur\u00e9 le Pr\u00e9sident du Conseil de souverainet\u00e9 de transition de la r\u00e9publique du Soudan de l\u2019enti\u00e8re disponibilit\u00e9 de la Mauritanie \u00e0 contribuer au soutien du Soudan pour surmonter la crise actuelle et \u00e0 faire tout ce que les fr\u00e8res soudanais jugeront n\u00e9cessaire dans ce sens \u00bb.<\/p>\n<p>Ami<\/p>\n<p>Titre LDM<\/p>\n","protected":false},"excerpt":{"rendered":"<p>S.E. le pr\u00e9sident de la R\u00e9publique et pr\u00e9sident de l\u2019Union africaine (UA), M. Mohamed Ould Cheikh El Ghazouani, s\u2019est entretenu, lundi soir, au palais pr\u00e9sidentiel, \u00e0 Nouakchott, avec le g\u00e9n\u00e9ral Abdel Fattah Al-Burhan, Pr\u00e9sident du Conseil de souverainet\u00e9 de transition de la r\u00e9publique du Soudan, en visite dans le pays \u00e0 la t\u00eate d\u2019une importante &hellip;<\/p>\n","protected":false},"author":2,"featured_media":13386,"comment_status":"open","ping_status":"open","sticky":false,"template":"","format":"standard","meta":{"footnotes":""},"categories":[18,29],"tags":[],"class_list":["post-13385","post","type-post","status-publish","format-standard","has-post-thumbnail","hentry","category-actualites","category-monde"],"_links":{"self":[{"href":"https:\/\/ladepeche.mr\/index.php?rest_route=\/wp\/v2\/posts\/13385","targetHints":{"allow":["GET"]}}],"collection":[{"href":"https:\/\/ladepeche.mr\/index.php?rest_route=\/wp\/v2\/posts"}],"about":[{"href":"https:\/\/ladepeche.mr\/index.php?rest_route=\/wp\/v2\/types\/post"}],"author":[{"embeddable":true,"href":"https:\/\/ladepeche.mr\/index.php?rest_route=\/wp\/v2\/users\/2"}],"replies":[{"embeddable":true,"href":"https:\/\/ladepeche.mr\/index.php?rest_route=%2Fwp%2Fv2%2Fcomments&post=13385"}],"version-history":[{"count":1,"href":"https:\/\/ladepeche.mr\/index.php?rest_route=\/wp\/v2\/posts\/13385\/revisions"}],"predecessor-version":[{"id":13387,"href":"https:\/\/ladepeche.mr\/index.php?rest_route=\/wp\/v2\/posts\/13385\/revisions\/13387"}],"wp:featuredmedia":[{"embeddable":true,"href":"https:\/\/ladepeche.mr\/index.php?rest_route=\/wp\/v2\/media\/13386"}],"wp:attachment":[{"href":"https:\/\/ladepeche.mr\/index.php?rest_route=%2Fwp%2Fv2%2Fmedia&parent=13385"}],"wp:term":[{"taxonomy":"category","embeddable":true,"href":"https:\/\/ladepeche.mr\/index.php?rest_route=%2Fwp%2Fv2%2Fcategories&post=13385"},{"taxonomy":"post_tag","embeddable":true,"href":"https:\/\/ladepeche.mr\/index.php?rest_route=%2Fwp%2Fv2%2Ftags&post=13385"}],"curies":[{"name":"wp","href":"https:\/\/api.w.org\/{rel}","templated":true}]}}