{"id":13389,"date":"2025-01-14T14:30:09","date_gmt":"2025-01-14T14:30:09","guid":{"rendered":"https:\/\/ladepeche.mr\/?p=13389"},"modified":"2025-01-14T13:52:26","modified_gmt":"2025-01-14T13:52:26","slug":"senegal-le-premier-ministre-ousmane-sonko-acheve-sa-visite-en-mauritanie","status":"publish","type":"post","link":"https:\/\/ladepeche.mr\/?p=13389","title":{"rendered":"S\u00e9n\u00e9gal: le Premier ministre Ousmane Sonko ach\u00e8ve sa visite en Mauritanie"},"content":{"rendered":"<p>Arriv\u00e9 dimanche \u00e0 Nouakchott, le Premier ministre du S\u00e9n\u00e9gal y ach\u00e8ve une visite de trois jours, ce mardi 14 janvier.<\/p>\n<p>Venu en voisin pour approfondir les relations avec la Mauritanie \u00e0 qui le pr\u00e9sident s\u00e9n\u00e9galais Bassirou Diomaye Faye avait r\u00e9serv\u00e9 son premier voyage officiel juste apr\u00e8s son \u00e9lection en mars dernier, Ousmane Sonko a notamment annonc\u00e9 hier la cr\u00e9ation d\u2019un comit\u00e9 pour achever d&#8217;ici 2026 le pont de Rosso qui doit relier les deux pays.<\/p>\n<p>Le Premier ministre s\u00e9n\u00e9galais en a fait l&#8217;annonce \u00e0 l&#8217;issue d&#8217;une r\u00e9union avec son homologue mauritanien, Moctar Ould Diay : un comit\u00e9 pour achever le pont de Rosso qui doit enjamber le fleuve S\u00e9n\u00e9gal pour relier les deux pays va \u00eatre cr\u00e9\u00e9 avec, pour objectif, de livrer l&#8217;ouvrage au plus tard au mois de juillet 2026.<\/p>\n<p>La structure aura pour principale mission de faire en sorte d&#8217;acc\u00e9l\u00e9rer sa construction qui a pris beaucoup de retard. Alors que le chantier a \u00e9t\u00e9 lanc\u00e9 il y a deux ans, 30 % du pont seulement ont \u00e9t\u00e9 r\u00e9alis\u00e9s \u00e0 ce jour.<\/p>\n<p>L&#8217;autre grande annonce faite \u00e0 l&#8217;occasion de la deuxi\u00e8me journ\u00e9e de la visite d&#8217;Ousmane Sonko \u00e0 Nouakchott r\u00e9side dans la d\u00e9cision prise par les deux pays de cr\u00e9er des emplois dans l&#8217;industrie p\u00e9troli\u00e8re et gazi\u00e8re et, surtout, de former une main d\u2019\u0153uvre qualifi\u00e9e pour y travailler. Un accord en ce sens a \u00e9t\u00e9 sign\u00e9 ce lundi 13 janvier entre les ministres s\u00e9n\u00e9galais et mauritanien du P\u00e9trole et de l\u2019Energie qui ont aussi rappel\u00e9 \u00e0 cette occasion leur volont\u00e9 de se coordonner sur le projet d\u2019exploitation commune du gisement de gaz qui se trouve au large de la ville s\u00e9n\u00e9galaise de Saint-Louis.<\/p>\n<p><strong>Rencontre pr\u00e9vue avec le pr\u00e9sident Mohamed Ould Ghazouani<\/strong><\/p>\n<p>\u00ab Nos deux pays doivent, \u00e0 partir de maintenant, ne parler que d\u2019une seule voix \u00bb, a par ailleurs insist\u00e9 le chef du gouvernement s\u00e9n\u00e9galais devant plusieurs ministres des deux pays, rappelant au passage les nombreuses rencontres bilat\u00e9rales qui ont eu lieu l&#8217;an dernier entre Dakar et Nouakchott.<\/p>\n<p>Avant de rentrer au S\u00e9n\u00e9gal ce mardi, Ousmane Sonko devait enfin rencontrer le pr\u00e9sident mauritanien Mohamed Ould Ghazouani hier soir, alors que des r\u00e9unions bilat\u00e9rales entres les ministres de l\u2019Int\u00e9rieur, des Affaires \u00e9trang\u00e8res et des Transport des deux pays ont \u00e9galement eu lieu.<\/p>\n<p>A l&#8217;issue de cette visite, un secr\u00e9tariat s\u00e9n\u00e9galo-mauritanien ainsi qu&#8217;un bureau d\u00e9di\u00e9 \u00e0 la coop\u00e9ration entre les deux pays et au suivi des accords qu&#8217;ils ont pass\u00e9s doivent en outre \u00eatre cr\u00e9\u00e9s.<\/p>\n<p>avec notre correspondante \u00e0 Dakar, L\u00e9a-Lisa Westerhoff<\/p>\n<p>Rfi via cridem<\/p>\n","protected":false},"excerpt":{"rendered":"<p>Arriv\u00e9 dimanche \u00e0 Nouakchott, le Premier ministre du S\u00e9n\u00e9gal y ach\u00e8ve une visite de trois jours, ce mardi 14 janvier. Venu en voisin pour approfondir les relations avec la Mauritanie \u00e0 qui le pr\u00e9sident s\u00e9n\u00e9galais Bassirou Diomaye Faye avait r\u00e9serv\u00e9 son premier voyage officiel juste apr\u00e8s son \u00e9lection en mars dernier, Ousmane Sonko a notamment &hellip;<\/p>\n","protected":false},"author":2,"featured_media":13391,"comment_status":"open","ping_status":"open","sticky":false,"template":"","format":"standard","meta":{"footnotes":""},"categories":[18,29],"tags":[],"class_list":["post-13389","post","type-post","status-publish","format-standard","has-post-thumbnail","hentry","category-actualites","category-monde"],"_links":{"self":[{"href":"https:\/\/ladepeche.mr\/index.php?rest_route=\/wp\/v2\/posts\/13389","targetHints":{"allow":["GET"]}}],"collection":[{"href":"https:\/\/ladepeche.mr\/index.php?rest_route=\/wp\/v2\/posts"}],"about":[{"href":"https:\/\/ladepeche.mr\/index.php?rest_route=\/wp\/v2\/types\/post"}],"author":[{"embeddable":true,"href":"https:\/\/ladepeche.mr\/index.php?rest_route=\/wp\/v2\/users\/2"}],"replies":[{"embeddable":true,"href":"https:\/\/ladepeche.mr\/index.php?rest_route=%2Fwp%2Fv2%2Fcomments&post=13389"}],"version-history":[{"count":1,"href":"https:\/\/ladepeche.mr\/index.php?rest_route=\/wp\/v2\/posts\/13389\/revisions"}],"predecessor-version":[{"id":13392,"href":"https:\/\/ladepeche.mr\/index.php?rest_route=\/wp\/v2\/posts\/13389\/revisions\/13392"}],"wp:featuredmedia":[{"embeddable":true,"href":"https:\/\/ladepeche.mr\/index.php?rest_route=\/wp\/v2\/media\/13391"}],"wp:attachment":[{"href":"https:\/\/ladepeche.mr\/index.php?rest_route=%2Fwp%2Fv2%2Fmedia&parent=13389"}],"wp:term":[{"taxonomy":"category","embeddable":true,"href":"https:\/\/ladepeche.mr\/index.php?rest_route=%2Fwp%2Fv2%2Fcategories&post=13389"},{"taxonomy":"post_tag","embeddable":true,"href":"https:\/\/ladepeche.mr\/index.php?rest_route=%2Fwp%2Fv2%2Ftags&post=13389"}],"curies":[{"name":"wp","href":"https:\/\/api.w.org\/{rel}","templated":true}]}}