{"id":13400,"date":"2025-01-15T16:29:06","date_gmt":"2025-01-15T16:29:06","guid":{"rendered":"https:\/\/ladepeche.mr\/?p=13400"},"modified":"2025-01-15T16:56:23","modified_gmt":"2025-01-15T16:56:23","slug":"defection-de-la-section-ivoirienne-dira-bda-jaccuse","status":"publish","type":"post","link":"https:\/\/ladepeche.mr\/?p=13400","title":{"rendered":"D\u00e9fection de la section ivoirienne d\u2019Ira\u00a0: BDA, &#8220;J\u2019accuse&#8221;\u00a0!"},"content":{"rendered":"<p>Biram Dah Abeid (BDA) n\u2019est pas content et le fait savoir. Dans une conf\u00e9rence de presse, organis\u00e9e mercredi, dans l\u2019urgence, au si\u00e8ge de l\u2019Ong, sans doute pour anticiper ce qui semble une annonce officielle de la d\u00e9fection acquise de sa section en C\u00f4te d\u2019Ivoire, le pr\u00e9sident d\u2019Ira-Mauritanie, candidat malheureux \u00e0 la derni\u00e8re \u00e9lection pr\u00e9sidentielle et d\u00e9put\u00e9 \u00e0 l\u2019Assembl\u00e9e nationale, dit se sentir vis\u00e9 par une \u00ab manigance de pontes du r\u00e9gime\u00bb visant \u00e0 l\u2019affaiblir et \u00ab disloquer \u00bb son Ong Ira et le projet de parti \u00abRag \u00bb.<\/p>\n<p>Mais peine perdue r\u00e9torque-t-il. \u00abChaque trahison nous conforte encore dans notre chemin\u00a0vers plus de libert\u00e9\u00bb assure BDA qui dit que cette focalisation contre lui s\u2019expliquerait par la maturit\u00e9 de son projet de soci\u00e9t\u00e9 aupr\u00e8s de toutes les couches du pays et dont l\u2019aura ne s\u2019en porterait que mieux.<\/p>\n<p>Interpel\u00e9 sur son sentiment personnel quant \u00e0 l\u2019\u00e9ventualit\u00e9 de cette d\u00e9fection, BDA indique que ce n\u2019est pas tant le d\u00e9part de ses anciens soutiens qui le pr\u00e9occupe mais le palier franchi par le r\u00e9gime dans l\u2019escalade contre ce qu\u2019il serait et ce qu\u2019il symboliserait aux yeux de l\u2019opinion publique mauritanienne. \u00abJe suis la cible de forces centrifuges \u00bb alors que certains segments du pouvoir s\u2019illustrent depuis quelques mois d\u00e9j\u00e0 \u00e0 d\u00e9baucher, \u00ab par la corruption et l\u2019achat de conscience \u00bb son personnel politique, accuse-t-il.<\/p>\n<p>\u00abMais tout ce qui ne nous tue pas, nous renforce\u00a0\u00bb rench\u00e9rit le pr\u00e9sident d\u2019Ira qui cite nomm\u00e9ment le directeur du cabinet, Nani Ould Chrougha, le pr\u00e9sident du parti \u00abInsaf\u00a0\u00bb, Sid\u2019Ahmed Ould Mohamed, le pr\u00e9sident du patronat, Zein Al Abidine et les RG. Tout ce monde se serait ligu\u00e9 contre \u00ab\u00a0Ira-Mauritanie\u00a0\u00bb parce qu\u2019elle repr\u00e9sente \u00able noyau dur\u00a0\u00bb de l\u2019opposition au syst\u00e8me et le seul pr\u00e9tendant \u00ab\u00a0s\u00e9rieux et cr\u00e9dible\u00a0\u00bb parmi l\u2019opposition \u00e0 la future pr\u00e9sidentielle pour une alternance politique.<\/p>\n<p>BDA soutient que certains des leaders de cette section ont re\u00e7u des promesses fermes d\u2019argent (10 millions chacun) en contrepartie de leur prise de distance vis-\u00e0-vis de lui.<\/p>\n<p>A noter que le pr\u00e9sident du projet de parti \u00abRag\u00a0\u00bb Ould Yali a indiqu\u00e9 que son parti restera, malgr\u00e9 les embuches plac\u00e9es, l\u00e9galiste et que le refus de le reconnaitre proc\u00e8de d\u2019un mauvais calcul politique visant \u00e0 ajourner l\u2019intronisation incontournable de BDA aux commandes du pays. \u00a0\u00abC\u2019est cela notre objectif et nous y travaillons\u00a0\u00bb a conclu Ould Yali.<\/p>\n","protected":false},"excerpt":{"rendered":"<p>Biram Dah Abeid (BDA) n\u2019est pas content et le fait savoir. Dans une conf\u00e9rence de presse, organis\u00e9e mercredi, dans l\u2019urgence, au si\u00e8ge de l\u2019Ong, sans doute pour anticiper ce qui semble une annonce officielle de la d\u00e9fection acquise de sa section en C\u00f4te d\u2019Ivoire, le pr\u00e9sident d\u2019Ira-Mauritanie, candidat malheureux \u00e0 la derni\u00e8re \u00e9lection pr\u00e9sidentielle et &hellip;<\/p>\n","protected":false},"author":2,"featured_media":13402,"comment_status":"open","ping_status":"open","sticky":false,"template":"","format":"standard","meta":{"footnotes":""},"categories":[18,31],"tags":[],"class_list":["post-13400","post","type-post","status-publish","format-standard","has-post-thumbnail","hentry","category-actualites","category-politique-et-reportages"],"_links":{"self":[{"href":"https:\/\/ladepeche.mr\/index.php?rest_route=\/wp\/v2\/posts\/13400","targetHints":{"allow":["GET"]}}],"collection":[{"href":"https:\/\/ladepeche.mr\/index.php?rest_route=\/wp\/v2\/posts"}],"about":[{"href":"https:\/\/ladepeche.mr\/index.php?rest_route=\/wp\/v2\/types\/post"}],"author":[{"embeddable":true,"href":"https:\/\/ladepeche.mr\/index.php?rest_route=\/wp\/v2\/users\/2"}],"replies":[{"embeddable":true,"href":"https:\/\/ladepeche.mr\/index.php?rest_route=%2Fwp%2Fv2%2Fcomments&post=13400"}],"version-history":[{"count":5,"href":"https:\/\/ladepeche.mr\/index.php?rest_route=\/wp\/v2\/posts\/13400\/revisions"}],"predecessor-version":[{"id":13412,"href":"https:\/\/ladepeche.mr\/index.php?rest_route=\/wp\/v2\/posts\/13400\/revisions\/13412"}],"wp:featuredmedia":[{"embeddable":true,"href":"https:\/\/ladepeche.mr\/index.php?rest_route=\/wp\/v2\/media\/13402"}],"wp:attachment":[{"href":"https:\/\/ladepeche.mr\/index.php?rest_route=%2Fwp%2Fv2%2Fmedia&parent=13400"}],"wp:term":[{"taxonomy":"category","embeddable":true,"href":"https:\/\/ladepeche.mr\/index.php?rest_route=%2Fwp%2Fv2%2Fcategories&post=13400"},{"taxonomy":"post_tag","embeddable":true,"href":"https:\/\/ladepeche.mr\/index.php?rest_route=%2Fwp%2Fv2%2Ftags&post=13400"}],"curies":[{"name":"wp","href":"https:\/\/api.w.org\/{rel}","templated":true}]}}