{"id":13406,"date":"2025-01-15T16:44:41","date_gmt":"2025-01-15T16:44:41","guid":{"rendered":"https:\/\/ladepeche.mr\/?p=13406"},"modified":"2025-01-15T16:44:41","modified_gmt":"2025-01-15T16:44:41","slug":"souverainete-alimentaire-la-rim-et-laaiad-penchent-sur-les-moyens-pour-accroitre-la-production-agricole","status":"publish","type":"post","link":"https:\/\/ladepeche.mr\/?p=13406","title":{"rendered":"Souverainet\u00e9 alimentaire\u00a0: La RIM et l&#8217;AAIAD penchent sur les moyens pour accroitre la production agricole"},"content":{"rendered":"<p>La Mauritanie et l&#8217;Autorit\u00e9 Arabe pour l&#8217;Investissement et le D\u00e9veloppement Agricole (AAIAD), penche sur les moyens \u00e0 mettre en \u0153uvre afin d\u2019accroitre la production et l&#8217;utilisation optimale des ressources afin de parvenir \u00e0 la souverainet\u00e9 alimentaire dans le pays.<\/p>\n<p>C\u2019est l\u2019objectif annonc\u00e9e lors d\u2019une audience mercredi au cours de laquelle le ministre de l&#8217;\u00c9conomie et des Finances, Sid&#8217;Ahmed Ould Bouh, a re\u00e7u mercredi une mission de l&#8217;Autorit\u00e9 Arabe pour l&#8217;Investissement et le D\u00e9veloppement Agricole (AAIAD), conduite par le pr\u00e9sident du conseil d&#8217;administration de l&#8217;Organisation, Dr Obaid Saif Al Zaabi, accompagn\u00e9 du conseiller \u00e9conomique M. Nachant Sangui et du conseiller juridique M. Mohamed Fall El Hassen.<\/p>\n<p>Pour arriver \u00e0 cette fin, les deux parties ont discut\u00e9 de l&#8217;introduction de nouveaux projets bas\u00e9s sur la conservation et l&#8217;exportation des produits, la fourniture de micro-financements aux agriculteurs, ainsi que l&#8217;utilisation de technologies modernes dans le domaine agricole.<\/p>\n<p>La r\u00e9union de concertation sur ces aspectes de coop\u00e9ration s&#8217;est d\u00e9roul\u00e9e en pr\u00e9sence du Secr\u00e9taire g\u00e9n\u00e9ral du Minist\u00e8re, M. Yacoub Ould Ahmed Aicha, du directeur g\u00e9n\u00e9ral adjoint des Financements et de la Coop\u00e9ration Economique, Mahfoud Mahmoud Brahim, et de Mohamed El Korry, directeur adjoint du Suivi des Projets.<\/p>\n<p>(avec MEF)<\/p>\n","protected":false},"excerpt":{"rendered":"<p>La Mauritanie et l&#8217;Autorit\u00e9 Arabe pour l&#8217;Investissement et le D\u00e9veloppement Agricole (AAIAD), penche sur les moyens \u00e0 mettre en \u0153uvre afin d\u2019accroitre la production et l&#8217;utilisation optimale des ressources afin de parvenir \u00e0 la souverainet\u00e9 alimentaire dans le pays. C\u2019est l\u2019objectif annonc\u00e9e lors d\u2019une audience mercredi au cours de laquelle le ministre de l&#8217;\u00c9conomie et &hellip;<\/p>\n","protected":false},"author":2,"featured_media":13407,"comment_status":"open","ping_status":"open","sticky":false,"template":"","format":"standard","meta":{"footnotes":""},"categories":[18,2],"tags":[],"class_list":["post-13406","post","type-post","status-publish","format-standard","has-post-thumbnail","hentry","category-actualites","category-economie"],"_links":{"self":[{"href":"https:\/\/ladepeche.mr\/index.php?rest_route=\/wp\/v2\/posts\/13406","targetHints":{"allow":["GET"]}}],"collection":[{"href":"https:\/\/ladepeche.mr\/index.php?rest_route=\/wp\/v2\/posts"}],"about":[{"href":"https:\/\/ladepeche.mr\/index.php?rest_route=\/wp\/v2\/types\/post"}],"author":[{"embeddable":true,"href":"https:\/\/ladepeche.mr\/index.php?rest_route=\/wp\/v2\/users\/2"}],"replies":[{"embeddable":true,"href":"https:\/\/ladepeche.mr\/index.php?rest_route=%2Fwp%2Fv2%2Fcomments&post=13406"}],"version-history":[{"count":1,"href":"https:\/\/ladepeche.mr\/index.php?rest_route=\/wp\/v2\/posts\/13406\/revisions"}],"predecessor-version":[{"id":13408,"href":"https:\/\/ladepeche.mr\/index.php?rest_route=\/wp\/v2\/posts\/13406\/revisions\/13408"}],"wp:featuredmedia":[{"embeddable":true,"href":"https:\/\/ladepeche.mr\/index.php?rest_route=\/wp\/v2\/media\/13407"}],"wp:attachment":[{"href":"https:\/\/ladepeche.mr\/index.php?rest_route=%2Fwp%2Fv2%2Fmedia&parent=13406"}],"wp:term":[{"taxonomy":"category","embeddable":true,"href":"https:\/\/ladepeche.mr\/index.php?rest_route=%2Fwp%2Fv2%2Fcategories&post=13406"},{"taxonomy":"post_tag","embeddable":true,"href":"https:\/\/ladepeche.mr\/index.php?rest_route=%2Fwp%2Fv2%2Ftags&post=13406"}],"curies":[{"name":"wp","href":"https:\/\/api.w.org\/{rel}","templated":true}]}}