{"id":13409,"date":"2025-01-15T18:00:48","date_gmt":"2025-01-15T18:00:48","guid":{"rendered":"https:\/\/ladepeche.mr\/?p=13409"},"modified":"2025-01-15T16:53:51","modified_gmt":"2025-01-15T16:53:51","slug":"selibaby-debut-de-la-reunion-tripartite-de-securite-entre-les-zones-militaires-frontalieres-de-mauritanie-du-senegal-et-du-mali","status":"publish","type":"post","link":"https:\/\/ladepeche.mr\/?p=13409","title":{"rendered":"S\u00e9libaby : D\u00e9but de la r\u00e9union tripartite de s\u00e9curit\u00e9 entre les zones militaires frontali\u00e8res de Mauritanie, du S\u00e9n\u00e9gal et du Mali"},"content":{"rendered":"<p>La r\u00e9union tripartite de s\u00e9curit\u00e9 entre les zones militaires frontali\u00e8res des trois pays s\u2019est tenue, mardi, \u00e0 l\u2019h\u00f4tel Ouagadou dans la ville de S\u00e9libaby r\u00e9unissany des d\u00e9l\u00e9gations de la Mauritanie, du Mali et du S\u00e9n\u00e9gal, sous la supervision du Wali du Guidimagha, M. Ahmed Ould Mohamed Mahmoud Ould Deh.<\/p>\n<p>Dans le discours qu\u2019il a prononc\u00e9 \u00e0 cette occasion, le wali a expliqu\u00e9 que la r\u00e9union, qui se tient chaque ann\u00e9e dans la capitale d\u2019une r\u00e9gion frontali\u00e8re de l\u2019un des trois pays (Guidimagha en Mauritanie, Tambacounda au S\u00e9n\u00e9gal et Kayes au Mali), refl\u00e8te la volont\u00e9 des dirigeants des trois pays d\u2019aller de l\u2019avant vers tout ce qui pourrait renforcer la s\u00e9curit\u00e9 et la stabilit\u00e9, assurer la tranquillit\u00e9 des citoyens et lutter contre le terrorisme et le crime organis\u00e9 transfrontalier.<\/p>\n<p>Le wali s\u2019est dit convaincu que la r\u00e9union tripartite de 2025 sur la s\u00e9curit\u00e9 d\u00e9bouchera sur d\u2019importantes recommandations qui seront prises en compte dans la gestion de la zone frontali\u00e8re commune et qui auront un impact consid\u00e9rable sur la r\u00e9alisation des objectifs souhait\u00e9s.<\/p>\n<p>Pour sa part, le Colonel Cheikh Sidi Bouya Ould Saleck, Commandant de la 4\u00e8me R\u00e9gion Militaire, a soulign\u00e9 que cette r\u00e9union tripartite annuelle de s\u00e9curit\u00e9 est une opportunit\u00e9 pour renforcer la coop\u00e9ration et la coordination entre les autorit\u00e9s s\u00e9curitaires et administratives dans les zones frontali\u00e8res afin de lutter contre le terrorisme, le crime organis\u00e9 et la contrebande.<\/p>\n<p>Il a ajout\u00e9 que l\u2019importance de cette r\u00e9union r\u00e9side dans le fait que les recommandations que les participants formuleront contribueront \u00e0 renforcer la s\u00e9curit\u00e9 des fronti\u00e8res, \u00e0 prot\u00e9ger les citoyens et les fronti\u00e8res des trois pays et \u00e0 r\u00e9pandre la tranquillit\u00e9 parmi leurs peuples.<\/p>\n<p>Ami<\/p>\n","protected":false},"excerpt":{"rendered":"<p>La r\u00e9union tripartite de s\u00e9curit\u00e9 entre les zones militaires frontali\u00e8res des trois pays s\u2019est tenue, mardi, \u00e0 l\u2019h\u00f4tel Ouagadou dans la ville de S\u00e9libaby r\u00e9unissany des d\u00e9l\u00e9gations de la Mauritanie, du Mali et du S\u00e9n\u00e9gal, sous la supervision du Wali du Guidimagha, M. Ahmed Ould Mohamed Mahmoud Ould Deh. Dans le discours qu\u2019il a prononc\u00e9 &hellip;<\/p>\n","protected":false},"author":2,"featured_media":13410,"comment_status":"open","ping_status":"open","sticky":false,"template":"","format":"standard","meta":{"footnotes":""},"categories":[18,29],"tags":[],"class_list":["post-13409","post","type-post","status-publish","format-standard","has-post-thumbnail","hentry","category-actualites","category-monde"],"_links":{"self":[{"href":"https:\/\/ladepeche.mr\/index.php?rest_route=\/wp\/v2\/posts\/13409","targetHints":{"allow":["GET"]}}],"collection":[{"href":"https:\/\/ladepeche.mr\/index.php?rest_route=\/wp\/v2\/posts"}],"about":[{"href":"https:\/\/ladepeche.mr\/index.php?rest_route=\/wp\/v2\/types\/post"}],"author":[{"embeddable":true,"href":"https:\/\/ladepeche.mr\/index.php?rest_route=\/wp\/v2\/users\/2"}],"replies":[{"embeddable":true,"href":"https:\/\/ladepeche.mr\/index.php?rest_route=%2Fwp%2Fv2%2Fcomments&post=13409"}],"version-history":[{"count":1,"href":"https:\/\/ladepeche.mr\/index.php?rest_route=\/wp\/v2\/posts\/13409\/revisions"}],"predecessor-version":[{"id":13411,"href":"https:\/\/ladepeche.mr\/index.php?rest_route=\/wp\/v2\/posts\/13409\/revisions\/13411"}],"wp:featuredmedia":[{"embeddable":true,"href":"https:\/\/ladepeche.mr\/index.php?rest_route=\/wp\/v2\/media\/13410"}],"wp:attachment":[{"href":"https:\/\/ladepeche.mr\/index.php?rest_route=%2Fwp%2Fv2%2Fmedia&parent=13409"}],"wp:term":[{"taxonomy":"category","embeddable":true,"href":"https:\/\/ladepeche.mr\/index.php?rest_route=%2Fwp%2Fv2%2Fcategories&post=13409"},{"taxonomy":"post_tag","embeddable":true,"href":"https:\/\/ladepeche.mr\/index.php?rest_route=%2Fwp%2Fv2%2Ftags&post=13409"}],"curies":[{"name":"wp","href":"https:\/\/api.w.org\/{rel}","templated":true}]}}