{"id":13446,"date":"2025-01-16T21:24:26","date_gmt":"2025-01-16T21:24:26","guid":{"rendered":"https:\/\/ladepeche.mr\/?p=13446"},"modified":"2025-01-16T22:08:43","modified_gmt":"2025-01-16T22:08:43","slug":"le-secretaire-general-recoit-une-mission-du-fmi","status":"publish","type":"post","link":"https:\/\/ladepeche.mr\/?p=13446","title":{"rendered":"Le secr\u00e9taire g\u00e9n\u00e9ral du MEF re\u00e7oit une mission du FMI"},"content":{"rendered":"<p>Le secr\u00e9taire g\u00e9n\u00e9ral du minist\u00e8re de l&#8217;\u00c9conomie et des Finances, M. Yacoub Ould Ahmed Aicha, a re\u00e7u ce jeudi matin, dans son bureau \u00e0 Nouakchott, une mission du Fonds mon\u00e9taire international (FMI), conduite par Mme Marie-Pierre Aquino, chef de la d\u00e9l\u00e9gation du FMI charg\u00e9e du renforcement des capacit\u00e9s et du d\u00e9veloppement du cadre macro\u00e9conomique.<\/p>\n<p>Au cours de la rencontre, les deux parties ont discut\u00e9 des perspectives de coop\u00e9ration entre la Mauritanie et le FMI, ainsi que des moyens de renforcer et de d\u00e9velopper cette collaboration, notamment dans les domaines de l&#8217;\u00e9conomie et des finances.<\/p>\n<p>La r\u00e9union s\u2019est d\u00e9roul\u00e9e en pr\u00e9sence de M. Mohamed Salem Ould Nani, directeur g\u00e9n\u00e9ral des financements et de la coop\u00e9ration \u00e9conomique, et de M. Cheikhna Ould Beddad, directeur g\u00e9n\u00e9ral des politiques et strat\u00e9gies de d\u00e9veloppement.<\/p>\n","protected":false},"excerpt":{"rendered":"<p>Le secr\u00e9taire g\u00e9n\u00e9ral du minist\u00e8re de l&#8217;\u00c9conomie et des Finances, M. Yacoub Ould Ahmed Aicha, a re\u00e7u ce jeudi matin, dans son bureau \u00e0 Nouakchott, une mission du Fonds mon\u00e9taire international (FMI), conduite par Mme Marie-Pierre Aquino, chef de la d\u00e9l\u00e9gation du FMI charg\u00e9e du renforcement des capacit\u00e9s et du d\u00e9veloppement du cadre macro\u00e9conomique. Au &hellip;<\/p>\n","protected":false},"author":2,"featured_media":13447,"comment_status":"open","ping_status":"open","sticky":false,"template":"","format":"standard","meta":{"footnotes":""},"categories":[18,2],"tags":[],"class_list":["post-13446","post","type-post","status-publish","format-standard","has-post-thumbnail","hentry","category-actualites","category-economie"],"_links":{"self":[{"href":"https:\/\/ladepeche.mr\/index.php?rest_route=\/wp\/v2\/posts\/13446","targetHints":{"allow":["GET"]}}],"collection":[{"href":"https:\/\/ladepeche.mr\/index.php?rest_route=\/wp\/v2\/posts"}],"about":[{"href":"https:\/\/ladepeche.mr\/index.php?rest_route=\/wp\/v2\/types\/post"}],"author":[{"embeddable":true,"href":"https:\/\/ladepeche.mr\/index.php?rest_route=\/wp\/v2\/users\/2"}],"replies":[{"embeddable":true,"href":"https:\/\/ladepeche.mr\/index.php?rest_route=%2Fwp%2Fv2%2Fcomments&post=13446"}],"version-history":[{"count":2,"href":"https:\/\/ladepeche.mr\/index.php?rest_route=\/wp\/v2\/posts\/13446\/revisions"}],"predecessor-version":[{"id":13451,"href":"https:\/\/ladepeche.mr\/index.php?rest_route=\/wp\/v2\/posts\/13446\/revisions\/13451"}],"wp:featuredmedia":[{"embeddable":true,"href":"https:\/\/ladepeche.mr\/index.php?rest_route=\/wp\/v2\/media\/13447"}],"wp:attachment":[{"href":"https:\/\/ladepeche.mr\/index.php?rest_route=%2Fwp%2Fv2%2Fmedia&parent=13446"}],"wp:term":[{"taxonomy":"category","embeddable":true,"href":"https:\/\/ladepeche.mr\/index.php?rest_route=%2Fwp%2Fv2%2Fcategories&post=13446"},{"taxonomy":"post_tag","embeddable":true,"href":"https:\/\/ladepeche.mr\/index.php?rest_route=%2Fwp%2Fv2%2Ftags&post=13446"}],"curies":[{"name":"wp","href":"https:\/\/api.w.org\/{rel}","templated":true}]}}