{"id":13452,"date":"2025-01-17T10:35:04","date_gmt":"2025-01-17T10:35:04","guid":{"rendered":"https:\/\/ladepeche.mr\/?p=13452"},"modified":"2025-01-17T10:35:04","modified_gmt":"2025-01-17T10:35:04","slug":"la-ffrim-nomme-m-aritz-lopez-garai-a-la-tete-de-la-selection-nationale-a-de-mauritanie-communique","status":"publish","type":"post","link":"https:\/\/ladepeche.mr\/?p=13452","title":{"rendered":"La FFRIM nomme M. Aritz L\u00f3pez Garai \u00e0 la t\u00eate de la s\u00e9lection nationale \u201cA\u201d de Mauritanie (Communiqu\u00e9)"},"content":{"rendered":"<p>Le Conseil de la F\u00e9d\u00e9ration mauritanienne de football s\u2019est r\u00e9uni, ce jeudi 16 janvier en session ordinaire, dans la grande salle de r\u00e9union au si\u00e8ge de la FFRIM, sous la pr\u00e9sidence de M. Ahmed Yahya, Pr\u00e9sident de la F\u00e9d\u00e9ration.<\/p>\n<p>La r\u00e9union d\u2019aujourd\u2019hui a \u00e9t\u00e9 consacr\u00e9e \u00e0 l\u2019examen de la situation g\u00e9n\u00e9rale des \u00e9quipes nationales, \u00e0 la lumi\u00e8re de la qualification de la s\u00e9lection nationale locale au Championnat d\u2019Afrique des Nations 2024, pr\u00e9vu au mois d\u2019ao\u00fbt prochain, et de la reprise imminente des \u00e9liminatoires de la Coupe du Monde 2026 auxquelles prend part la s\u00e9lection nationale \u201cA\u201d, ainsi que de l\u2019\u00e9tat des comp\u00e9titions nationales organis\u00e9es par la FFRIM.<\/p>\n<p>Au sujet des \u00e9quipes nationales, le Conseil de la FFRIM a d\u00e9cid\u00e9 de nommer M. Aritz L\u00f3pez Garai \u00e0 la t\u00eate de la s\u00e9lection nationale \u201cA\u201d de Mauritanie.<\/p>\n<p>Le Conseil a exprim\u00e9 sa satisfaction quant \u00e0 la qualification de la s\u00e9lection nationale locale \u00e0 la phase finale du CHAN pour la quatri\u00e8me fois de l\u2019histoire, ce qui confirme le d\u00e9veloppement constant du football local et sa disposition \u00e0 rivaliser avec les meilleures nations du continent, f\u00e9licitant au passage le groupe dans son ensemble, joueurs, staff technique et administratif, le d\u00e9partement des comp\u00e9titions, sans oublier le grand public.<\/p>\n<p>Abordant les comp\u00e9titions nationales, le Conseil a \u00e9cout\u00e9 une pr\u00e9sentation d\u00e9taill\u00e9e du directeur des comp\u00e9titions \u00e0 la F\u00e9d\u00e9ration, M. Mohamed Abderrahmane Mohamed \u201cJide\u201d, sur les aspects majeurs et les changements notables enregistr\u00e9s par le championnat de Super D1, qui a vu la participation exceptionnelle de deux clubs soudanais, Al Hilal et El Merreikh, \u00e0 cette \u00e9dition 2024-2025. Le nombre de rencontres du championnat de l\u2019\u00e9lite est pass\u00e9 de 182 la saison derni\u00e8re \u00e0 240 cette ann\u00e9e, ce qui porte le nombre total de matchs organis\u00e9s par la F\u00e9d\u00e9ration \u00e0 929 matchs par an, tous niveaux et cat\u00e9gories d\u2019\u00e2ge confondus.<\/p>\n<p>Le Conseil a approuv\u00e9 le plan d\u2019organisation des championnats nationaux des diff\u00e9rentes divisions et cat\u00e9gories.<\/p>\n<p>En ce qui concerne les projets en cours et \u00e0 venir, le Conseil a discut\u00e9 de l\u2019avancement du Programme de D\u00e9veloppement des Talents (TDS) de la FIFA, lanc\u00e9 en Mauritanie il y\u2019a un an, dont l\u2019impact positif est d\u00e9j\u00e0 ressenti. Le Conseil s\u2019est par ailleurs f\u00e9licit\u00e9 du projet de partenariat entre la FFRIM et la F\u00e9d\u00e9ration Internationale de Football, qui transormera l\u2019Acad\u00e9mie nationale de la F\u00e9d\u00e9ration en une Acad\u00e9mie de la FIFA.<\/p>\n<p>L\u2019Acad\u00e9mie f\u00e9d\u00e9rale sera la toute premi\u00e8re en Afrique \u00e0 devenir officiellement une acad\u00e9mie de la FIFA, \u00e0 partir du 27 f\u00e9vrier prochain selon le planning \u00e9tabli.<\/p>\n<p>FFRIM<\/p>\n","protected":false},"excerpt":{"rendered":"<p>Le Conseil de la F\u00e9d\u00e9ration mauritanienne de football s\u2019est r\u00e9uni, ce jeudi 16 janvier en session ordinaire, dans la grande salle de r\u00e9union au si\u00e8ge de la FFRIM, sous la pr\u00e9sidence de M. Ahmed Yahya, Pr\u00e9sident de la F\u00e9d\u00e9ration. La r\u00e9union d\u2019aujourd\u2019hui a \u00e9t\u00e9 consacr\u00e9e \u00e0 l\u2019examen de la situation g\u00e9n\u00e9rale des \u00e9quipes nationales, \u00e0 &hellip;<\/p>\n","protected":false},"author":2,"featured_media":13453,"comment_status":"open","ping_status":"open","sticky":false,"template":"","format":"standard","meta":{"footnotes":""},"categories":[18,17],"tags":[],"class_list":["post-13452","post","type-post","status-publish","format-standard","has-post-thumbnail","hentry","category-actualites","category-sports"],"_links":{"self":[{"href":"https:\/\/ladepeche.mr\/index.php?rest_route=\/wp\/v2\/posts\/13452","targetHints":{"allow":["GET"]}}],"collection":[{"href":"https:\/\/ladepeche.mr\/index.php?rest_route=\/wp\/v2\/posts"}],"about":[{"href":"https:\/\/ladepeche.mr\/index.php?rest_route=\/wp\/v2\/types\/post"}],"author":[{"embeddable":true,"href":"https:\/\/ladepeche.mr\/index.php?rest_route=\/wp\/v2\/users\/2"}],"replies":[{"embeddable":true,"href":"https:\/\/ladepeche.mr\/index.php?rest_route=%2Fwp%2Fv2%2Fcomments&post=13452"}],"version-history":[{"count":1,"href":"https:\/\/ladepeche.mr\/index.php?rest_route=\/wp\/v2\/posts\/13452\/revisions"}],"predecessor-version":[{"id":13454,"href":"https:\/\/ladepeche.mr\/index.php?rest_route=\/wp\/v2\/posts\/13452\/revisions\/13454"}],"wp:featuredmedia":[{"embeddable":true,"href":"https:\/\/ladepeche.mr\/index.php?rest_route=\/wp\/v2\/media\/13453"}],"wp:attachment":[{"href":"https:\/\/ladepeche.mr\/index.php?rest_route=%2Fwp%2Fv2%2Fmedia&parent=13452"}],"wp:term":[{"taxonomy":"category","embeddable":true,"href":"https:\/\/ladepeche.mr\/index.php?rest_route=%2Fwp%2Fv2%2Fcategories&post=13452"},{"taxonomy":"post_tag","embeddable":true,"href":"https:\/\/ladepeche.mr\/index.php?rest_route=%2Fwp%2Fv2%2Ftags&post=13452"}],"curies":[{"name":"wp","href":"https:\/\/api.w.org\/{rel}","templated":true}]}}