{"id":13455,"date":"2025-01-17T11:20:18","date_gmt":"2025-01-17T11:20:18","guid":{"rendered":"https:\/\/ladepeche.mr\/?p=13455"},"modified":"2025-01-17T11:20:18","modified_gmt":"2025-01-17T11:20:18","slug":"le-malawi-reitere-son-soutien-a-lintegrite-territoriale-du-royaume-du-maroc-communique-conjoint","status":"publish","type":"post","link":"https:\/\/ladepeche.mr\/?p=13455","title":{"rendered":"Le Malawi r\u00e9it\u00e8re son soutien \u00e0 l&#8217;int\u00e9grit\u00e9 territoriale du Royaume du Maroc (Communiqu\u00e9 conjoint)"},"content":{"rendered":"<p>Rabat- Le Malawi a r\u00e9affirm\u00e9, jeudi \u00e0 Rabat, son soutien \u00e0 l&#8217;int\u00e9grit\u00e9 territoriale du Maroc, et \u00e0 la souverainet\u00e9 du Royaume sur tout son territoire, y compris la r\u00e9gion du Sahara.<\/p>\n<p>Cette position a \u00e9t\u00e9 exprim\u00e9e dans un communiqu\u00e9 conjoint sign\u00e9 \u00e0 l\u2019issue des entretiens entre le ministre des Affaires \u00c9trang\u00e8res, de la Coop\u00e9ration Africaine et des Marocains R\u00e9sidant \u00e0 l\u2019\u00c9tranger, M. Nasser Bourita, et son homologue Malawite, Mme Nancy Tembo.<\/p>\n<p>Dans ce communiqu\u00e9, Mme Tembo a aussi salu\u00e9 le consensus international croissant et la dynamique conduite par Sa Majest\u00e9 le Roi Mohammed VI en soutien au Plan marocain d\u2019autonomie, en le qualifiant comme la seule solution cr\u00e9dible, s\u00e9rieuse et r\u00e9aliste.<\/p>\n<p>Elle a \u00e9galement salu\u00e9 les efforts des Nations Unies comme cadre exclusif pour parvenir \u00e0 une solution r\u00e9aliste, pratique et durable au diff\u00e9rend r\u00e9gional du Sahara.<\/p>\n<p>(MAP)<\/p>\n","protected":false},"excerpt":{"rendered":"<p>Rabat- Le Malawi a r\u00e9affirm\u00e9, jeudi \u00e0 Rabat, son soutien \u00e0 l&#8217;int\u00e9grit\u00e9 territoriale du Maroc, et \u00e0 la souverainet\u00e9 du Royaume sur tout son territoire, y compris la r\u00e9gion du Sahara. Cette position a \u00e9t\u00e9 exprim\u00e9e dans un communiqu\u00e9 conjoint sign\u00e9 \u00e0 l\u2019issue des entretiens entre le ministre des Affaires \u00c9trang\u00e8res, de la Coop\u00e9ration Africaine &hellip;<\/p>\n","protected":false},"author":2,"featured_media":13457,"comment_status":"open","ping_status":"open","sticky":false,"template":"","format":"standard","meta":{"footnotes":""},"categories":[18,29],"tags":[],"class_list":["post-13455","post","type-post","status-publish","format-standard","has-post-thumbnail","hentry","category-actualites","category-monde"],"_links":{"self":[{"href":"https:\/\/ladepeche.mr\/index.php?rest_route=\/wp\/v2\/posts\/13455","targetHints":{"allow":["GET"]}}],"collection":[{"href":"https:\/\/ladepeche.mr\/index.php?rest_route=\/wp\/v2\/posts"}],"about":[{"href":"https:\/\/ladepeche.mr\/index.php?rest_route=\/wp\/v2\/types\/post"}],"author":[{"embeddable":true,"href":"https:\/\/ladepeche.mr\/index.php?rest_route=\/wp\/v2\/users\/2"}],"replies":[{"embeddable":true,"href":"https:\/\/ladepeche.mr\/index.php?rest_route=%2Fwp%2Fv2%2Fcomments&post=13455"}],"version-history":[{"count":1,"href":"https:\/\/ladepeche.mr\/index.php?rest_route=\/wp\/v2\/posts\/13455\/revisions"}],"predecessor-version":[{"id":13456,"href":"https:\/\/ladepeche.mr\/index.php?rest_route=\/wp\/v2\/posts\/13455\/revisions\/13456"}],"wp:featuredmedia":[{"embeddable":true,"href":"https:\/\/ladepeche.mr\/index.php?rest_route=\/wp\/v2\/media\/13457"}],"wp:attachment":[{"href":"https:\/\/ladepeche.mr\/index.php?rest_route=%2Fwp%2Fv2%2Fmedia&parent=13455"}],"wp:term":[{"taxonomy":"category","embeddable":true,"href":"https:\/\/ladepeche.mr\/index.php?rest_route=%2Fwp%2Fv2%2Fcategories&post=13455"},{"taxonomy":"post_tag","embeddable":true,"href":"https:\/\/ladepeche.mr\/index.php?rest_route=%2Fwp%2Fv2%2Ftags&post=13455"}],"curies":[{"name":"wp","href":"https:\/\/api.w.org\/{rel}","templated":true}]}}