{"id":13465,"date":"2025-01-18T18:05:44","date_gmt":"2025-01-18T18:05:44","guid":{"rendered":"https:\/\/ladepeche.mr\/?p=13465"},"modified":"2025-01-18T18:05:44","modified_gmt":"2025-01-18T18:05:44","slug":"gaza-cessez-le-feu-liberation-dotages-et-entree-de-laide-humanitaire-ce-dimanche","status":"publish","type":"post","link":"https:\/\/ladepeche.mr\/?p=13465","title":{"rendered":"Gaza : cessez-le-feu, lib\u00e9ration d&#8217;otages et entr\u00e9e de l&#8217;aide humanitaire ce dimanche"},"content":{"rendered":"<p class=\"c-article-summary\">Apr\u00e8s pr\u00e8s de quinze mois de guerre entre Isra\u00ebl et le Hamas, le cessez-le-feu entre en vigueur ce dimanche matin.<\/p>\n<div id=\"poool-content\" class=\"c-article-content js-article-content poool-content\">\n<p>Le cessez-le-feu entre Isra\u00ebl et le Hamas d\u00e9bute ce dimanche matin, \u00e0 8h30 heure locale. La premi\u00e8re phase de l\u2019accord pr\u00e9voit la lib\u00e9ration de 33 otages isra\u00e9liens et de centaines de prisonniers palestiniens.<\/p>\n<p>Pr\u00e8s de 600 camions charg\u00e9s d\u2019aide humanitaire et de carburant doivent entrer chaque jour dans la bande de Gaza, selon l\u2019\u00c9gypte, m\u00e9diateur aux c\u00f4t\u00e9s du Qatar et des \u00c9tats-Unis.<\/p>\n<p>L\u2019aide est stationn\u00e9e au poste fronti\u00e8re de Rafah, ferm\u00e9 depuis le mois de mai par l\u2019arm\u00e9e isra\u00e9lienne.<\/p>\n<p>Ce cessez-le-feu marque peut-\u00eatre le d\u00e9but de la fin d\u2019une guerre terrible, lanc\u00e9e par les attaques terroristes du Hamas en Isra\u00ebl le 7 octobre 2023.<\/p>\n<div id=\"connatix-container\">\n<div id=\"connatix-player\" class=\"\" data-ad-name=\"connatix\">Lire la suite surfr.euronews.com\/2025\/01\/18\/gaza-cessez-le-feu-liberation-dotages-et-entree-de-laide-humanitaire-ce-dimanche<\/div>\n<\/div>\n<\/div>\n","protected":false},"excerpt":{"rendered":"<p>Apr\u00e8s pr\u00e8s de quinze mois de guerre entre Isra\u00ebl et le Hamas, le cessez-le-feu entre en vigueur ce dimanche matin. Le cessez-le-feu entre Isra\u00ebl et le Hamas d\u00e9bute ce dimanche matin, \u00e0 8h30 heure locale. La premi\u00e8re phase de l\u2019accord pr\u00e9voit la lib\u00e9ration de 33 otages isra\u00e9liens et de centaines de prisonniers palestiniens. Pr\u00e8s de &hellip;<\/p>\n","protected":false},"author":2,"featured_media":13466,"comment_status":"open","ping_status":"open","sticky":false,"template":"","format":"standard","meta":{"footnotes":""},"categories":[18,29],"tags":[],"class_list":["post-13465","post","type-post","status-publish","format-standard","has-post-thumbnail","hentry","category-actualites","category-monde"],"_links":{"self":[{"href":"https:\/\/ladepeche.mr\/index.php?rest_route=\/wp\/v2\/posts\/13465","targetHints":{"allow":["GET"]}}],"collection":[{"href":"https:\/\/ladepeche.mr\/index.php?rest_route=\/wp\/v2\/posts"}],"about":[{"href":"https:\/\/ladepeche.mr\/index.php?rest_route=\/wp\/v2\/types\/post"}],"author":[{"embeddable":true,"href":"https:\/\/ladepeche.mr\/index.php?rest_route=\/wp\/v2\/users\/2"}],"replies":[{"embeddable":true,"href":"https:\/\/ladepeche.mr\/index.php?rest_route=%2Fwp%2Fv2%2Fcomments&post=13465"}],"version-history":[{"count":1,"href":"https:\/\/ladepeche.mr\/index.php?rest_route=\/wp\/v2\/posts\/13465\/revisions"}],"predecessor-version":[{"id":13467,"href":"https:\/\/ladepeche.mr\/index.php?rest_route=\/wp\/v2\/posts\/13465\/revisions\/13467"}],"wp:featuredmedia":[{"embeddable":true,"href":"https:\/\/ladepeche.mr\/index.php?rest_route=\/wp\/v2\/media\/13466"}],"wp:attachment":[{"href":"https:\/\/ladepeche.mr\/index.php?rest_route=%2Fwp%2Fv2%2Fmedia&parent=13465"}],"wp:term":[{"taxonomy":"category","embeddable":true,"href":"https:\/\/ladepeche.mr\/index.php?rest_route=%2Fwp%2Fv2%2Fcategories&post=13465"},{"taxonomy":"post_tag","embeddable":true,"href":"https:\/\/ladepeche.mr\/index.php?rest_route=%2Fwp%2Fv2%2Ftags&post=13465"}],"curies":[{"name":"wp","href":"https:\/\/api.w.org\/{rel}","templated":true}]}}