{"id":13471,"date":"2025-01-18T19:29:39","date_gmt":"2025-01-18T19:29:39","guid":{"rendered":"https:\/\/ladepeche.mr\/?p=13471"},"modified":"2025-01-18T19:29:39","modified_gmt":"2025-01-18T19:29:39","slug":"social-le-patronat-promet-de-faire-profiter-6000-jeunes-de-formation-en-2025","status":"publish","type":"post","link":"https:\/\/ladepeche.mr\/?p=13471","title":{"rendered":"Social: Le patronat promet de faire profiter 6000 jeunes de formation en 2025"},"content":{"rendered":"<p>Le patronat mauritanien a promis, \u00e0 l\u2019issue d\u2019une convention sign\u00e9e avec le minist\u00e8re de la Formation Professionnelle, de l\u2019Artisanat et des M\u00e9tiers, de faire b\u00e9n\u00e9ficier, en fonction de l\u2019offre du march\u00e9 local, de faire profiter six milles jeunes des diff\u00e9rentes fili\u00e8res de formation au cours de l\u2019ann\u00e9e 2025.<\/p>\n<p>La promesse a \u00e9t\u00e9 faite, sous le t\u00e9moignage du premier Ministre, Moctar Ould Djay, qui a pr\u00e9sid\u00e9 la c\u00e9r\u00e9monie de signature entre les deux parties, \u00e0 l\u2019occasion de la cl\u00f4ture des journ\u00e9es ouvertes sur la formation professionnelle, sous le th\u00e8me \u201con construit aujourd\u2019hui les comp\u00e9tences de demain\u201d.<\/p>\n<p>A noter qu\u2019en avril 2024, le minist\u00e8re de la Formation Professionnelle, de l\u2019Artisanat et des M\u00e9tiers (ex- minist\u00e8re de l\u2019emploi et de la formation professionnelle) a inaugur\u00e9 un programme de formation sur sept mois pour la formation de 2000 jeunes mauritaniens dans les domaines de l\u2019industrie, de l\u2019artisanat, de la construction, des travaux publics, de l\u2019agriculture, de l\u2019\u00e9levage, et des travaux r\u00e9serv\u00e9s aux femmes.<\/p>\n","protected":false},"excerpt":{"rendered":"<p>Le patronat mauritanien a promis, \u00e0 l\u2019issue d\u2019une convention sign\u00e9e avec le minist\u00e8re de la Formation Professionnelle, de l\u2019Artisanat et des M\u00e9tiers, de faire b\u00e9n\u00e9ficier, en fonction de l\u2019offre du march\u00e9 local, de faire profiter six milles jeunes des diff\u00e9rentes fili\u00e8res de formation au cours de l\u2019ann\u00e9e 2025. La promesse a \u00e9t\u00e9 faite, sous le &hellip;<\/p>\n","protected":false},"author":2,"featured_media":13472,"comment_status":"open","ping_status":"open","sticky":false,"template":"","format":"standard","meta":{"footnotes":""},"categories":[18,2],"tags":[],"class_list":["post-13471","post","type-post","status-publish","format-standard","has-post-thumbnail","hentry","category-actualites","category-economie"],"_links":{"self":[{"href":"https:\/\/ladepeche.mr\/index.php?rest_route=\/wp\/v2\/posts\/13471","targetHints":{"allow":["GET"]}}],"collection":[{"href":"https:\/\/ladepeche.mr\/index.php?rest_route=\/wp\/v2\/posts"}],"about":[{"href":"https:\/\/ladepeche.mr\/index.php?rest_route=\/wp\/v2\/types\/post"}],"author":[{"embeddable":true,"href":"https:\/\/ladepeche.mr\/index.php?rest_route=\/wp\/v2\/users\/2"}],"replies":[{"embeddable":true,"href":"https:\/\/ladepeche.mr\/index.php?rest_route=%2Fwp%2Fv2%2Fcomments&post=13471"}],"version-history":[{"count":1,"href":"https:\/\/ladepeche.mr\/index.php?rest_route=\/wp\/v2\/posts\/13471\/revisions"}],"predecessor-version":[{"id":13473,"href":"https:\/\/ladepeche.mr\/index.php?rest_route=\/wp\/v2\/posts\/13471\/revisions\/13473"}],"wp:featuredmedia":[{"embeddable":true,"href":"https:\/\/ladepeche.mr\/index.php?rest_route=\/wp\/v2\/media\/13472"}],"wp:attachment":[{"href":"https:\/\/ladepeche.mr\/index.php?rest_route=%2Fwp%2Fv2%2Fmedia&parent=13471"}],"wp:term":[{"taxonomy":"category","embeddable":true,"href":"https:\/\/ladepeche.mr\/index.php?rest_route=%2Fwp%2Fv2%2Fcategories&post=13471"},{"taxonomy":"post_tag","embeddable":true,"href":"https:\/\/ladepeche.mr\/index.php?rest_route=%2Fwp%2Fv2%2Ftags&post=13471"}],"curies":[{"name":"wp","href":"https:\/\/api.w.org\/{rel}","templated":true}]}}