{"id":13480,"date":"2025-01-18T20:12:53","date_gmt":"2025-01-18T20:12:53","guid":{"rendered":"https:\/\/ladepeche.mr\/?p=13480"},"modified":"2025-01-18T20:12:53","modified_gmt":"2025-01-18T20:12:53","slug":"migration-renouvelee-vers-le-tribalisme-el-wely-sidi-heiba","status":"publish","type":"post","link":"https:\/\/ladepeche.mr\/?p=13480","title":{"rendered":"Migration renouvel\u00e9e vers le tribalisme&#8230;.El Wely Sidi Heiba"},"content":{"rendered":"<p class=\"yiv7173356944ydp33c441d3MsoNormal\" style=\"text-align: left;\" align=\"center\"><i>Le Proph\u00e8te (paix et b\u00e9n\u00e9dictions d\u2019Allah soient sur lui) a dit : \u00ab Celui qui appelle \u00e0 l\u2019esprit de clan ne fait pas partie de nous. Celui qui combat pour l\u2019esprit de clan ne fait pas partie de nous. Et celui qui meurt pour l\u2019esprit de clan ne fait pas partie de nous. \u00bb<\/i><\/p>\n<p class=\"yiv7173356944ydp33c441d3MsoNormal\" align=\"center\"><i>\u00a0<\/i><\/p>\n<p class=\"yiv7173356944ydp33c441d3MsoNormal\"><b>La n\u00e9cessit\u00e9 d\u2019une refonte sociopolitique profonde<\/b><\/p>\n<p class=\"yiv7173356944ydp33c441d3MsoNormal\">Le tribalisme, bien qu&#8217;il ait constitu\u00e9 un mode d&#8217;organisation sociale pertinent dans des contextes historiques sp\u00e9cifiques, devient aujourd&#8217;hui un frein \u00e0 l&#8217;\u00e9dification d\u2019un \u00c9tat moderne en Mauritanie. Cette organisation tribale, malgr\u00e9 la stratification arbitraire sur laquelle elle reposait, \u00e9tait jadis un m\u00e9canisme de protection et de solidarit\u00e9. Elle se heurte d\u00e9sormais aux exigences d\u2019un syst\u00e8me de gouvernance bas\u00e9 sur l\u2019\u00c9tat de droit, la citoyennet\u00e9 et l\u2019\u00e9galit\u00e9 devant la loi.<\/p>\n<p class=\"yiv7173356944ydp33c441d3MsoNormal\">L&#8217;une des cons\u00e9quences les plus pernicieuses de cette r\u00e9surgence tribaliste est l\u2019\u00e9rosion du sentiment d\u2019appartenance nationale. Lorsque les int\u00e9r\u00eats tribaux priment sur les int\u00e9r\u00eats nationaux, le tissu social se fragmente, ce qui rend impossible l\u2019\u00e9mergence d\u2019une conscience collective et d\u2019une solidarit\u00e9 nationale capables de transcender les particularismes. Le tribalisme, tel qu\u2019il se manifeste aujourd\u2019hui, est devenu une arme de division plut\u00f4t qu\u2019un vecteur de coh\u00e9sion.<\/p>\n<p class=\"yiv7173356944ydp33c441d3MsoNormal\"><b>Vers une citoyennet\u00e9 inclusive<\/b><\/p>\n<p class=\"yiv7173356944ydp33c441d3MsoNormal\">Un des moyens d\u2019endiguer ce fl\u00e9au est de promouvoir un syst\u00e8me fond\u00e9 sur la citoyennet\u00e9 inclusive. Cela implique de red\u00e9finir le r\u00f4le de l\u2019\u00c9tat en tant que garant de l\u2019\u00e9quit\u00e9, de la justice sociale et de la repr\u00e9sentation \u00e9quitable de toutes les composantes de la soci\u00e9t\u00e9. Il est essentiel de b\u00e2tir des institutions capables de r\u00e9sister \u00e0 l\u2019influence des logiques tribales et de garantir une participation politique bas\u00e9e sur le m\u00e9rite et la comp\u00e9tence, plut\u00f4t que sur l\u2019appartenance clanique.<\/p>\n<p class=\"yiv7173356944ydp33c441d3MsoNormal\"><b>1. R\u00e9formes \u00e9ducatives :<\/b><\/p>\n<p class=\"yiv7173356944ydp33c441d3MsoNormal\">&#8211; Int\u00e9grer dans les programmes scolaires des cours sur l\u2019unit\u00e9 nationale, la diversit\u00e9 et l\u2019importance de la citoyennet\u00e9.<\/p>\n<p class=\"yiv7173356944ydp33c441d3MsoNormal\">&#8211; D\u00e9velopper une culture d\u00e9mocratique chez les jeunes pour leur permettre de d\u00e9passer les barri\u00e8res tribales.<\/p>\n<p class=\"yiv7173356944ydp33c441d3MsoNormal\">&#8211; Favoriser l\u2019apprentissage des langues nationales pour cr\u00e9er un socle commun de communication et renforcer l\u2019identit\u00e9 collective.<\/p>\n<p class=\"yiv7173356944ydp33c441d3MsoNormal\"><b>2. Modernisation des institutions politiques :<\/b><\/p>\n<p class=\"yiv7173356944ydp33c441d3MsoNormal\">&#8211; Adopter des r\u00e9formes constitutionnelles qui limitent le poids des alliances tribales dans la formation des gouvernements.<\/p>\n<p class=\"yiv7173356944ydp33c441d3MsoNormal\">&#8211; Mettre en place des m\u00e9canismes de contr\u00f4le rigoureux pour lutter contre la corruption et l\u2019influence des groupes d\u2019int\u00e9r\u00eats.<\/p>\n<p class=\"yiv7173356944ydp33c441d3MsoNormal\">&#8211; Renforcer l\u2019ind\u00e9pendance de la justice afin qu\u2019elle puisse jouer pleinement son r\u00f4le dans la protection des droits et la lutte contre les abus de pouvoir.<\/p>\n<p class=\"yiv7173356944ydp33c441d3MsoNormal\"><b>3. D\u00e9centralisation et d\u00e9veloppement local :<\/b><\/p>\n<p class=\"yiv7173356944ydp33c441d3MsoNormal\">&#8211; Encourager une d\u00e9centralisation effective pour rapprocher les citoyens des centres de d\u00e9cision et att\u00e9nuer les tensions entre les wilayas.<\/p>\n<p class=\"yiv7173356944ydp33c441d3MsoNormal\">&#8211; Investir dans les infrastructures et les services publics dans les zones marginalis\u00e9es pour r\u00e9duire les disparit\u00e9s r\u00e9gionales qui alimentent les frustrations sociales.<\/p>\n<p class=\"yiv7173356944ydp33c441d3MsoNormal\"><b>\u00a0<\/b><\/p>\n<p class=\"yiv7173356944ydp33c441d3MsoNormal\"><b>La place des \u00e9lites dans le renouveau<\/b><\/p>\n<p class=\"yiv7173356944ydp33c441d3MsoNormal\">Les \u00e9lites mauritaniennes, qu&#8217;elles soient intellectuelles, politiques ou \u00e9conomiques, ont un r\u00f4le crucial \u00e0 jouer dans cette transformation. Elles doivent s&#8217;engager \u00e0 devenir des vecteurs de changement plut\u00f4t que des agents de perp\u00e9tuation du syst\u00e8me social actuel. Cela implique un changement de paradigme o\u00f9 la loyaut\u00e9 envers la nation prime sur les int\u00e9r\u00eats personnels ou communautaires.<\/p>\n<p class=\"yiv7173356944ydp33c441d3MsoNormal\"><b>1. Leadership visionnaire :<\/b><\/p>\n<p class=\"yiv7173356944ydp33c441d3MsoNormal\">&#8211; Encourager des figures politiques capables d&#8217;incarner une vision nationale claire et de rassembler les diff\u00e9rentes composantes de la soci\u00e9t\u00e9 autour d\u2019un projet commun.<\/p>\n<p class=\"yiv7173356944ydp33c441d3MsoNormal\">&#8211; Sanctionner les pratiques client\u00e9listes et promouvoir une culture de transparence et de responsabilit\u00e9.<\/p>\n<p class=\"yiv7173356944ydp33c441d3MsoNormal\"><b>2. Implication de la soci\u00e9t\u00e9 civile :<\/b><\/p>\n<p class=\"yiv7173356944ydp33c441d3MsoNormal\">&#8211; Renforcer les capacit\u00e9s des organisations de la soci\u00e9t\u00e9 civile pour qu\u2019elles puissent jouer un r\u00f4le de contre-pouvoir et d\u2019\u00e9veil des consciences.<\/p>\n<p class=\"yiv7173356944ydp33c441d3MsoNormal\">&#8211; Promouvoir des campagnes de sensibilisation sur les dangers du tribalisme et les bienfaits d\u2019une nation unie.<\/p>\n<p class=\"yiv7173356944ydp33c441d3MsoNormal\"><b>L\u2019int\u00e9gration r\u00e9gionale et internationale<\/b><\/p>\n<p class=\"yiv7173356944ydp33c441d3MsoNormal\">Enfin, pour consolider ses acquis, la Mauritanie doit s\u2019ouvrir davantage sur son environnement r\u00e9gional et international. Les exp\u00e9riences r\u00e9ussies de lutte contre le tribalisme et de construction de nations fortes dans d\u2019autres pays peuvent servir de source d\u2019inspiration. Une int\u00e9gration r\u00e9gionale accrue, notamment dans le cadre de l\u2019Union africaine et des organisations sous-r\u00e9gionales, pourrait \u00e9galement contribuer \u00e0 renforcer les institutions nationales.<\/p>\n<p class=\"yiv7173356944ydp33c441d3MsoNormal\"><b>Conclusion<\/b><\/p>\n<p class=\"yiv7173356944ydp33c441d3MsoNormal\">La Mauritanie se trouve \u00e0 un carrefour d\u00e9cisif de son histoire. Le choix est clair : persister dans un mod\u00e8le tribaliste qui fragilise la nation ou s&#8217;engager dans une dynamique de renouveau politique et social qui privil\u00e9gie l\u2019int\u00e9r\u00eat national. Ce changement ne sera pas facile et exigera des sacrifices, mais c\u2019est un passage oblig\u00e9 pour b\u00e2tir un \u00c9tat moderne, d\u00e9mocratique et prosp\u00e8re. Le courage politique, l\u2019implication des \u00e9lites et la mobilisation des citoyens sont autant de leviers indispensables pour relever ce d\u00e9fi.<\/p>\n<p class=\"yiv7173356944ydp33c441d3MsoNormal\">\n","protected":false},"excerpt":{"rendered":"<p>Le Proph\u00e8te (paix et b\u00e9n\u00e9dictions d\u2019Allah soient sur lui) a dit : \u00ab Celui qui appelle \u00e0 l\u2019esprit de clan ne fait pas partie de nous. Celui qui combat pour l\u2019esprit de clan ne fait pas partie de nous. Et celui qui meurt pour l\u2019esprit de clan ne fait pas partie de nous. \u00bb \u00a0 &hellip;<\/p>\n","protected":false},"author":2,"featured_media":13481,"comment_status":"open","ping_status":"open","sticky":false,"template":"","format":"standard","meta":{"footnotes":""},"categories":[18,31,19],"tags":[],"class_list":["post-13480","post","type-post","status-publish","format-standard","has-post-thumbnail","hentry","category-actualites","category-politique-et-reportages","category-tribune"],"_links":{"self":[{"href":"https:\/\/ladepeche.mr\/index.php?rest_route=\/wp\/v2\/posts\/13480","targetHints":{"allow":["GET"]}}],"collection":[{"href":"https:\/\/ladepeche.mr\/index.php?rest_route=\/wp\/v2\/posts"}],"about":[{"href":"https:\/\/ladepeche.mr\/index.php?rest_route=\/wp\/v2\/types\/post"}],"author":[{"embeddable":true,"href":"https:\/\/ladepeche.mr\/index.php?rest_route=\/wp\/v2\/users\/2"}],"replies":[{"embeddable":true,"href":"https:\/\/ladepeche.mr\/index.php?rest_route=%2Fwp%2Fv2%2Fcomments&post=13480"}],"version-history":[{"count":1,"href":"https:\/\/ladepeche.mr\/index.php?rest_route=\/wp\/v2\/posts\/13480\/revisions"}],"predecessor-version":[{"id":13482,"href":"https:\/\/ladepeche.mr\/index.php?rest_route=\/wp\/v2\/posts\/13480\/revisions\/13482"}],"wp:featuredmedia":[{"embeddable":true,"href":"https:\/\/ladepeche.mr\/index.php?rest_route=\/wp\/v2\/media\/13481"}],"wp:attachment":[{"href":"https:\/\/ladepeche.mr\/index.php?rest_route=%2Fwp%2Fv2%2Fmedia&parent=13480"}],"wp:term":[{"taxonomy":"category","embeddable":true,"href":"https:\/\/ladepeche.mr\/index.php?rest_route=%2Fwp%2Fv2%2Fcategories&post=13480"},{"taxonomy":"post_tag","embeddable":true,"href":"https:\/\/ladepeche.mr\/index.php?rest_route=%2Fwp%2Fv2%2Ftags&post=13480"}],"curies":[{"name":"wp","href":"https:\/\/api.w.org\/{rel}","templated":true}]}}