{"id":13485,"date":"2025-01-18T21:16:31","date_gmt":"2025-01-18T21:16:31","guid":{"rendered":"https:\/\/ladepeche.mr\/?p=13485"},"modified":"2025-01-18T21:17:40","modified_gmt":"2025-01-18T21:17:40","slug":"au-nigeria-au-moins-70-morts-dans-lexplosion-dun-camion-citerne","status":"publish","type":"post","link":"https:\/\/ladepeche.mr\/?p=13485","title":{"rendered":"Au Nigeria, au moins 70 morts dans l\u2019explosion d\u2019un camion-citerne"},"content":{"rendered":"<div class=\"article__heading\">\n<p class=\"article__desc\">Une foule s\u2019\u00e9tait mass\u00e9e samedi pour r\u00e9cup\u00e9rer du carburant autour d\u2019un camion-citerne renvers\u00e9. La crise \u00e9conomique que traverse le pays a pouss\u00e9 dans la pr\u00e9carit\u00e9 de nombreux Nig\u00e9rians, notamment du fait de l\u2019envol\u00e9e des prix de l\u2019essence.<\/p>\n<\/div>\n<p class=\"article__paragraph \">Au moins 70 personnes ont \u00e9t\u00e9 tu\u00e9es, samedi 18\u00a0janvier, dans le centre du Nigeria par l\u2019explosion d\u2019un camion-citerne renvers\u00e9 autour duquel s\u2019\u00e9tait mass\u00e9e une foule pour r\u00e9cup\u00e9rer du carburant, devenu un produit pr\u00e9cieux dans ce pays confront\u00e9 \u00e0 une grave crise \u00e9conomique. <em>\u00ab\u00a0Le nombre de morts s\u2019\u00e9l\u00e8ve pour l\u2019instant \u00e0\u00a070\u00a0\u00bb<\/em>, a dit \u00e0 l\u2019Agence France-Presse Kumar Tsukwam, directeur du Federal Road Safety Corps (le FRSC, l\u2019agence de la s\u00e9curit\u00e9 routi\u00e8re nationale) pour l\u2019Etat du Niger, r\u00e9gion du Nigeria. <em>\u00ab\u00a0La plupart des victimes ont \u00e9t\u00e9 br\u00fbl\u00e9es au point d\u2019\u00eatre m\u00e9connaissables\u00a0\u00bb<\/em>, a-t-il ajout\u00e9.<\/p>\n<p class=\"article__paragraph \">Samedi en milieu de matin\u00e9e, un camion-citerne transportant 60\u00a0000\u00a0litres d\u2019essence a eu un accident au niveau de la <em>\u00ab\u00a0jonction de Dikko\u00a0\u00bb<\/em> sur la route reliant la capitale f\u00e9d\u00e9rale Abuja \u00e0 la ville de Kaduna, selon le FRSC. <em>\u00ab\u00a0Le carburant s\u2019est r\u00e9pandu sur le sol et une foule de personnes s\u2019est rassembl\u00e9e pour le ramasser, mais le camion-citerne a soudainement pris feu, engloutissant avec lui un autre camion-citerne\u00a0\u00bb<\/em>, explique une note du FRSC.<\/p>\n<p>La crise \u00e9conomique que traverse le Nigeria depuis un an et demi a pouss\u00e9 dans la pr\u00e9carit\u00e9 de nombreux Nig\u00e9rians, notamment du fait de l\u2019envol\u00e9e des prix de l\u2019essence. Certains n\u2019h\u00e9sitent pas \u00e0 risquer leurs vies lors d\u2019accidents de la route pour r\u00e9cup\u00e9rer du carburant, dont le prix a quintupl\u00e9 en dix-huit mois.<\/p>\n<p class=\"article__paragraph \">Le pays conna\u00eet une inflation sup\u00e9rieure \u00e0 30\u00a0% depuis un an, nourrie notamment par les r\u00e9formes du pr\u00e9sident, Bola Tinubu, au pouvoir depuis mai\u00a02023. Parmi ces r\u00e9formes figure la fin des subventions pour les carburants, ce qui a fait s\u2019envoler les prix alimentaires et des transports, faisant de l\u2019essence un catalyseur du m\u00e9contentement des Nig\u00e9rians.<\/p>\n<p class=\"article__paragraph \">En octobre, plus de 170\u00a0personnes avaient p\u00e9ri de la m\u00eame mani\u00e8re dans l\u2019Etat de Jigawa, dans le nord du pays, qui est le premier producteur de p\u00e9trole du continent.<\/p>\n<p class=\"article__paragraph \">A la fin de l\u2019ann\u00e9e derni\u00e8re, un rapport r\u00e9dig\u00e9 par des fonctionnaires nig\u00e9rians, des agences des Nations unies et de grandes ONG humanitaires pr\u00e9disait que\u00a0<em>\u00ab\u00a0plus de 33\u00a0millions de Nig\u00e9rians auront faim\u00a0\u00bb<\/em>\u00a0en\u00a02025.<\/p>\n<p class=\"article__paragraph \">Le gouverneur de l\u2019Etat du Niger, Umaru Bago, a r\u00e9agi dans un communiqu\u00e9 en qualifiant l\u2019explosion d\u2019<em>\u00ab\u00a0inqui\u00e9tante,\u00a0<\/em>[de]\u00a0<em>d\u00e9chirante et\u00a0<\/em>[de]\u00a0<em>malheureuse\u00a0\u00bb<\/em>, invitant\u00a0<em>\u00ab\u00a0la population \u00e0 \u00eatre toujours responsable et \u00e0 donner la priorit\u00e9 \u00e0 sa s\u00e9curit\u00e9\u00a0\u00bb<\/em>.<\/p>\n<p class=\"article__paragraph \">Les accidents sur des routes mal entretenues sont fr\u00e9quents au Nigeria. En\u00a02020, le FRSC avait recens\u00e9 1\u00a0531\u00a0accidents impliquant des camions-citernes, qui avaient caus\u00e9 la mort de 535\u00a0personnes. En plus des pertes humaines et mat\u00e9rielles, ces accidents font des d\u00e9g\u00e2ts environnementaux, \u00e0 cause des fuites d\u2019essence.<\/p>\n<p>Le Monde.fr<\/p>\n","protected":false},"excerpt":{"rendered":"<p>Une foule s\u2019\u00e9tait mass\u00e9e samedi pour r\u00e9cup\u00e9rer du carburant autour d\u2019un camion-citerne renvers\u00e9. La crise \u00e9conomique que traverse le pays a pouss\u00e9 dans la pr\u00e9carit\u00e9 de nombreux Nig\u00e9rians, notamment du fait de l\u2019envol\u00e9e des prix de l\u2019essence. Au moins 70 personnes ont \u00e9t\u00e9 tu\u00e9es, samedi 18\u00a0janvier, dans le centre du Nigeria par l\u2019explosion d\u2019un camion-citerne &hellip;<\/p>\n","protected":false},"author":2,"featured_media":13486,"comment_status":"open","ping_status":"open","sticky":false,"template":"","format":"standard","meta":{"footnotes":""},"categories":[18,29],"tags":[],"class_list":["post-13485","post","type-post","status-publish","format-standard","has-post-thumbnail","hentry","category-actualites","category-monde"],"_links":{"self":[{"href":"https:\/\/ladepeche.mr\/index.php?rest_route=\/wp\/v2\/posts\/13485","targetHints":{"allow":["GET"]}}],"collection":[{"href":"https:\/\/ladepeche.mr\/index.php?rest_route=\/wp\/v2\/posts"}],"about":[{"href":"https:\/\/ladepeche.mr\/index.php?rest_route=\/wp\/v2\/types\/post"}],"author":[{"embeddable":true,"href":"https:\/\/ladepeche.mr\/index.php?rest_route=\/wp\/v2\/users\/2"}],"replies":[{"embeddable":true,"href":"https:\/\/ladepeche.mr\/index.php?rest_route=%2Fwp%2Fv2%2Fcomments&post=13485"}],"version-history":[{"count":2,"href":"https:\/\/ladepeche.mr\/index.php?rest_route=\/wp\/v2\/posts\/13485\/revisions"}],"predecessor-version":[{"id":13488,"href":"https:\/\/ladepeche.mr\/index.php?rest_route=\/wp\/v2\/posts\/13485\/revisions\/13488"}],"wp:featuredmedia":[{"embeddable":true,"href":"https:\/\/ladepeche.mr\/index.php?rest_route=\/wp\/v2\/media\/13486"}],"wp:attachment":[{"href":"https:\/\/ladepeche.mr\/index.php?rest_route=%2Fwp%2Fv2%2Fmedia&parent=13485"}],"wp:term":[{"taxonomy":"category","embeddable":true,"href":"https:\/\/ladepeche.mr\/index.php?rest_route=%2Fwp%2Fv2%2Fcategories&post=13485"},{"taxonomy":"post_tag","embeddable":true,"href":"https:\/\/ladepeche.mr\/index.php?rest_route=%2Fwp%2Fv2%2Ftags&post=13485"}],"curies":[{"name":"wp","href":"https:\/\/api.w.org\/{rel}","templated":true}]}}