{"id":13490,"date":"2025-01-18T22:00:57","date_gmt":"2025-01-18T22:00:57","guid":{"rendered":"https:\/\/ladepeche.mr\/?p=13490"},"modified":"2025-01-18T21:37:15","modified_gmt":"2025-01-18T21:37:15","slug":"sahara-la-republique-du-liberia-reitere-sa-position-constante-en-faveur-de-lintegrite-territoriale-et-de-la-souverainete-du-maroc","status":"publish","type":"post","link":"https:\/\/ladepeche.mr\/?p=13490","title":{"rendered":"Sahara: La R\u00e9publique du Lib\u00e9ria r\u00e9it\u00e8re sa position constante en faveur de l\u2019int\u00e9grit\u00e9 territoriale et de la souverainet\u00e9 du Maroc"},"content":{"rendered":"<p>La\u00e2youne- La ministre lib\u00e9rienne des Affaires \u00e9trang\u00e8res, Sara Beysolow Nyanti, a r\u00e9it\u00e9r\u00e9, vendredi \u00e0 La\u00e2youne, \u00e0 l\u2019occasion de la tenue de la troisi\u00e8me session de la Commission mixte de coop\u00e9ration maroco-lib\u00e9rienne, la position constante de la R\u00e9publique du Lib\u00e9ria en faveur de l\u2019int\u00e9grit\u00e9 territoriale et de la souverainet\u00e9 du Royaume du Maroc sur l\u2019ensemble de son territoire, y compris la r\u00e9gion du Sahara.<\/p>\n<p>Lors d\u2019un point de presse tenu \u00e0 l\u2019issue des entretiens avec le ministre des Affaires \u00e9trang\u00e8res, de la Coop\u00e9ration africaine et des Marocains r\u00e9sidant \u00e0 l\u2019\u00e9tranger, Nasser Bourita, Mme. Sara Beysolow Nyanti, a fait part du soutien de son pays au plan d\u2019autonomie pr\u00e9sent\u00e9 par le Royaume du Maroc, qui constitue la seule solution cr\u00e9dible et r\u00e9aliste pour la r\u00e9solution de ce diff\u00e9rend r\u00e9gional.<\/p>\n<p>La cheffe de la diplomatie lib\u00e9rienne a, en outre, salu\u00e9 les efforts des Nations Unies en tant que cadre exclusif pour parvenir \u00e0 une solution r\u00e9aliste, pratique et durable au diff\u00e9rend autour du Sahara.<\/p>\n<p>A ce propos, M. Bourita a remerci\u00e9 le Lib\u00e9ria pour son soutien constant et ferme \u00e0 l\u2019int\u00e9grit\u00e9 territoriale du Maroc, notamment pour sa position claire en faveur du Sahara marocain qui s\u2019est traduite par l\u2019ouverture d\u2019un Consulat g\u00e9n\u00e9ral du Lib\u00e9ria \u00e0 Dakhla en 2020 et par sa participation, en 2021, \u00e0 la Conf\u00e9rence minist\u00e9rielle de soutien \u00e0 l\u2019Initiative d\u2019autonomie sous la souverainet\u00e9 du Maroc.<\/p>\n<p>(MAP)<\/p>\n","protected":false},"excerpt":{"rendered":"<p>La\u00e2youne- La ministre lib\u00e9rienne des Affaires \u00e9trang\u00e8res, Sara Beysolow Nyanti, a r\u00e9it\u00e9r\u00e9, vendredi \u00e0 La\u00e2youne, \u00e0 l\u2019occasion de la tenue de la troisi\u00e8me session de la Commission mixte de coop\u00e9ration maroco-lib\u00e9rienne, la position constante de la R\u00e9publique du Lib\u00e9ria en faveur de l\u2019int\u00e9grit\u00e9 territoriale et de la souverainet\u00e9 du Royaume du Maroc sur l\u2019ensemble de &hellip;<\/p>\n","protected":false},"author":2,"featured_media":13491,"comment_status":"open","ping_status":"open","sticky":false,"template":"","format":"standard","meta":{"footnotes":""},"categories":[18,29],"tags":[],"class_list":["post-13490","post","type-post","status-publish","format-standard","has-post-thumbnail","hentry","category-actualites","category-monde"],"_links":{"self":[{"href":"https:\/\/ladepeche.mr\/index.php?rest_route=\/wp\/v2\/posts\/13490","targetHints":{"allow":["GET"]}}],"collection":[{"href":"https:\/\/ladepeche.mr\/index.php?rest_route=\/wp\/v2\/posts"}],"about":[{"href":"https:\/\/ladepeche.mr\/index.php?rest_route=\/wp\/v2\/types\/post"}],"author":[{"embeddable":true,"href":"https:\/\/ladepeche.mr\/index.php?rest_route=\/wp\/v2\/users\/2"}],"replies":[{"embeddable":true,"href":"https:\/\/ladepeche.mr\/index.php?rest_route=%2Fwp%2Fv2%2Fcomments&post=13490"}],"version-history":[{"count":1,"href":"https:\/\/ladepeche.mr\/index.php?rest_route=\/wp\/v2\/posts\/13490\/revisions"}],"predecessor-version":[{"id":13492,"href":"https:\/\/ladepeche.mr\/index.php?rest_route=\/wp\/v2\/posts\/13490\/revisions\/13492"}],"wp:featuredmedia":[{"embeddable":true,"href":"https:\/\/ladepeche.mr\/index.php?rest_route=\/wp\/v2\/media\/13491"}],"wp:attachment":[{"href":"https:\/\/ladepeche.mr\/index.php?rest_route=%2Fwp%2Fv2%2Fmedia&parent=13490"}],"wp:term":[{"taxonomy":"category","embeddable":true,"href":"https:\/\/ladepeche.mr\/index.php?rest_route=%2Fwp%2Fv2%2Fcategories&post=13490"},{"taxonomy":"post_tag","embeddable":true,"href":"https:\/\/ladepeche.mr\/index.php?rest_route=%2Fwp%2Fv2%2Ftags&post=13490"}],"curies":[{"name":"wp","href":"https:\/\/api.w.org\/{rel}","templated":true}]}}