{"id":13494,"date":"2025-01-18T23:00:26","date_gmt":"2025-01-18T23:00:26","guid":{"rendered":"https:\/\/ladepeche.mr\/?p=13494"},"modified":"2025-01-18T21:45:43","modified_gmt":"2025-01-18T21:45:43","slug":"accord-de-cessez-le-feu-a-gaza-communique-du-ministere-marocain-des-affaires-etrangeres","status":"publish","type":"post","link":"https:\/\/ladepeche.mr\/?p=13494","title":{"rendered":"Accord de cessez-le-feu \u00e0 Gaza: Communiqu\u00e9 du minist\u00e8re marocain des Affaires \u00e9trang\u00e8res"},"content":{"rendered":"<p>Rabat\u00a0 &#8211; A deux jours de l\u2019entr\u00e9e en vigueur de l\u2019accord de cessez-le-feu \u00e0 Gaza, le Royaume du Maroc, dont le Souverain, Sa Majest\u00e9 le Roi Mohammed VI pr\u00e9side le Comit\u00e9 Al-Qods, salue les progr\u00e8s r\u00e9alis\u00e9s en vue de l\u2019arr\u00eat des hostilit\u00e9s et des attaques contre les civils, d\u00e9clench\u00e9es depuis le 7 octobre 2023.<\/p>\n<p>&#8220;Le Royaume appelle toutes les parties palestiniennes et isra\u00e9liennes \u00e0 donner une chance \u00e0 la Paix et \u00e0 d\u00e9montrer un engagement sinc\u00e8re et constructif, loin de toutes consid\u00e9rations conjoncturelles ou opportunistes&#8221;, indique un communiqu\u00e9 du minist\u00e8re des Affaires \u00e9trang\u00e8res, de la Coop\u00e9ration africaine et des Marocains r\u00e9sidant \u00e0 l\u2019\u00e9tranger.<\/p>\n<p>Le Royaume, ajoute le communiqu\u00e9, forme le souhait que cet accord de cessez-le-feu soit pleinement respect\u00e9, et qu\u2019il permette l\u2019arr\u00eat des attaques contre les civils, le retour des d\u00e9plac\u00e9s et l\u2019acc\u00e8s fluide et en quantit\u00e9s suffisantes de l\u2019aide humanitaire.<\/p>\n<p>Comme l\u2019a soulign\u00e9 Sa Majest\u00e9 le Roi Mohammed, Pr\u00e9sident du Comit\u00e9 Al Qods, notamment dans Son Message Royal au dernier Sommet arabe, il est fondamental d\u2019\u00e9viter de sortir d\u2019une crise pour entrer dans une autre.<\/p>\n<p>En effet, poursuit le communiqu\u00e9, l\u2019accord de cessez-le-feu devrait ouvrir la voie \u00e0 un vrai processus de paix, permettant l\u2019\u00e9tablissement d\u2019un Etat palestinien dans les fronti\u00e8res de 1967 avec J\u00e9rusalem-Est comme capitale, vivant c\u00f4te-\u00e0 c\u00f4te et en paix avec Isra\u00ebl.<\/p>\n<p>(MAP)<\/p>\n","protected":false},"excerpt":{"rendered":"<p>Rabat\u00a0 &#8211; A deux jours de l\u2019entr\u00e9e en vigueur de l\u2019accord de cessez-le-feu \u00e0 Gaza, le Royaume du Maroc, dont le Souverain, Sa Majest\u00e9 le Roi Mohammed VI pr\u00e9side le Comit\u00e9 Al-Qods, salue les progr\u00e8s r\u00e9alis\u00e9s en vue de l\u2019arr\u00eat des hostilit\u00e9s et des attaques contre les civils, d\u00e9clench\u00e9es depuis le 7 octobre 2023. &#8220;Le &hellip;<\/p>\n","protected":false},"author":2,"featured_media":13495,"comment_status":"open","ping_status":"open","sticky":false,"template":"","format":"standard","meta":{"footnotes":""},"categories":[18,29],"tags":[],"class_list":["post-13494","post","type-post","status-publish","format-standard","has-post-thumbnail","hentry","category-actualites","category-monde"],"_links":{"self":[{"href":"https:\/\/ladepeche.mr\/index.php?rest_route=\/wp\/v2\/posts\/13494","targetHints":{"allow":["GET"]}}],"collection":[{"href":"https:\/\/ladepeche.mr\/index.php?rest_route=\/wp\/v2\/posts"}],"about":[{"href":"https:\/\/ladepeche.mr\/index.php?rest_route=\/wp\/v2\/types\/post"}],"author":[{"embeddable":true,"href":"https:\/\/ladepeche.mr\/index.php?rest_route=\/wp\/v2\/users\/2"}],"replies":[{"embeddable":true,"href":"https:\/\/ladepeche.mr\/index.php?rest_route=%2Fwp%2Fv2%2Fcomments&post=13494"}],"version-history":[{"count":1,"href":"https:\/\/ladepeche.mr\/index.php?rest_route=\/wp\/v2\/posts\/13494\/revisions"}],"predecessor-version":[{"id":13496,"href":"https:\/\/ladepeche.mr\/index.php?rest_route=\/wp\/v2\/posts\/13494\/revisions\/13496"}],"wp:featuredmedia":[{"embeddable":true,"href":"https:\/\/ladepeche.mr\/index.php?rest_route=\/wp\/v2\/media\/13495"}],"wp:attachment":[{"href":"https:\/\/ladepeche.mr\/index.php?rest_route=%2Fwp%2Fv2%2Fmedia&parent=13494"}],"wp:term":[{"taxonomy":"category","embeddable":true,"href":"https:\/\/ladepeche.mr\/index.php?rest_route=%2Fwp%2Fv2%2Fcategories&post=13494"},{"taxonomy":"post_tag","embeddable":true,"href":"https:\/\/ladepeche.mr\/index.php?rest_route=%2Fwp%2Fv2%2Ftags&post=13494"}],"curies":[{"name":"wp","href":"https:\/\/api.w.org\/{rel}","templated":true}]}}