{"id":13497,"date":"2025-01-18T22:30:45","date_gmt":"2025-01-18T22:30:45","guid":{"rendered":"https:\/\/ladepeche.mr\/?p=13497"},"modified":"2025-01-18T21:54:22","modified_gmt":"2025-01-18T21:54:22","slug":"etats-unis-la-cour-supreme-confirme-linterdiction-de-tiktok","status":"publish","type":"post","link":"https:\/\/ladepeche.mr\/?p=13497","title":{"rendered":"\u00c9tats-Unis : La Cour supr\u00eame confirme l&#8217;interdiction de TikTok"},"content":{"rendered":"<h4>Cette interdiction ne devrait pas \u00eatre appliqu\u00e9e avant l&#8217;investiture de Trump \u00e0 la Maison-Blanche<\/h4>\n<p>Washington DC-<\/p>\n<p class=\"selectionShareable\">La Cour supr\u00eame a confirm\u00e9 vendredi une loi qui entra\u00eenera l&#8217;interdiction de TikTok aux \u00c9tats-Unis, \u00e0 moins que la soci\u00e9t\u00e9 m\u00e8re, bas\u00e9e en Chine, ne se s\u00e9pare de l&#8217;application de m\u00e9dias sociaux populaire utilis\u00e9e par pr\u00e8s de 200 millions d&#8217;Am\u00e9ricains.<\/p>\n<p class=\"selectionShareable\">Il est peu probable que cette s\u00e9paration ait lieu, car la date limite pour l&#8217;interdiction est ce dimanche 19 janvier. Cependant, cette \u00e9ch\u00e9ance survient juste un jour avant l&#8217;investiture du pr\u00e9sident \u00e9lu Donald Trump, et l&#8217;administration du pr\u00e9sident Joe Biden a indiqu\u00e9 qu&#8217;elle n&#8217;envisage pas de faire appliquer la loi avant que Trump ne pr\u00eate serment.<\/p>\n<p class=\"selectionShareable\">La plus haute cour du pays a statu\u00e9 que l&#8217;ultimatum &#8220;s\u00e9parer ou interdire&#8221; ne viole pas les droits \u00e0 la libert\u00e9 d&#8217;expression garantis par le Premier amendement de la Constitution des \u00c9tats-Unis. Elle a ainsi soutenu l&#8217;administration Biden, malgr\u00e9 les appels de Donald Trump \u00e0 retarder l&#8217;\u00e9ch\u00e9ance afin qu&#8217;il puisse n\u00e9gocier un accord permettant \u00e0 TikTok de continuer \u00e0 fonctionner aux \u00c9tats-Unis.<\/p>\n<p class=\"selectionShareable\">\u00ab Il ne fait aucun doute que, pour plus de 170 millions d&#8217;Am\u00e9ricains, TikTok repr\u00e9sente un espace unique et \u00e9tendu d&#8217;expression, un moyen d&#8217;interaction et une source de communaut\u00e9 \u00bb, a \u00e9crit la Cour dans son avis non sign\u00e9.<\/p>\n<p class=\"selectionShareable\">\u00ab Mais le Congr\u00e8s a estim\u00e9 que la cession de TikTok est n\u00e9cessaire pour r\u00e9pondre \u00e0 des pr\u00e9occupations bien \u00e9tay\u00e9es en mati\u00e8re de s\u00e9curit\u00e9 nationale concernant les pratiques de collecte de donn\u00e9es de l&#8217;application et ses liens avec un adversaire \u00e9tranger. \u00bb<\/p>\n<p class=\"selectionShareable\">\u00ab Dans ces circonstances, nous jugeons que la justification du Gouvernement li\u00e9e \u00e0 la collecte de donn\u00e9es est suffisante pour maintenir les dispositions contest\u00e9es \u00bb, poursuit la d\u00e9cision.<\/p>\n<p class=\"selectionShareable\">Cette loi bipartisane, adopt\u00e9e par le Congr\u00e8s et sign\u00e9e par Biden en avril dernier, accordait \u00e0 ByteDance, la soci\u00e9t\u00e9 m\u00e8re de TikTok, un d\u00e9lai de 270 jours pour se s\u00e9parer de l&#8217;application ou risquer une interdiction aux \u00c9tats-Unis.<\/p>\n<p class=\"selectionShareable\">La d\u00e9cision finale reviendra \u00e0 Donald Trump : il devra choisir entre maintenir TikTok en ligne temporairement ou appliquer l&#8217;interdiction une fois qu\u2019il prendra officiellement ses fonctions.<\/p>\n<p class=\"selectionShareable\">Trump avait exprim\u00e9 une certaine sympathie envers TikTok \u00e0 l\u2019approche de l\u2019interdiction, et le PDG de l\u2019application, Shou Zi Chew, assistera \u00e0 son investiture.<\/p>\n<p class=\"selectionShareable\">Des rapports indiquent \u00e9galement que Trump envisagerait de signer un d\u00e9cret ex\u00e9cutif pour contourner l\u2019interdiction.<\/p>\n<p>aa.com.tr<\/p>\n","protected":false},"excerpt":{"rendered":"<p>Cette interdiction ne devrait pas \u00eatre appliqu\u00e9e avant l&#8217;investiture de Trump \u00e0 la Maison-Blanche Washington DC- La Cour supr\u00eame a confirm\u00e9 vendredi une loi qui entra\u00eenera l&#8217;interdiction de TikTok aux \u00c9tats-Unis, \u00e0 moins que la soci\u00e9t\u00e9 m\u00e8re, bas\u00e9e en Chine, ne se s\u00e9pare de l&#8217;application de m\u00e9dias sociaux populaire utilis\u00e9e par pr\u00e8s de 200 millions &hellip;<\/p>\n","protected":false},"author":2,"featured_media":13498,"comment_status":"open","ping_status":"open","sticky":false,"template":"","format":"standard","meta":{"footnotes":""},"categories":[18,29],"tags":[],"class_list":["post-13497","post","type-post","status-publish","format-standard","has-post-thumbnail","hentry","category-actualites","category-monde"],"_links":{"self":[{"href":"https:\/\/ladepeche.mr\/index.php?rest_route=\/wp\/v2\/posts\/13497","targetHints":{"allow":["GET"]}}],"collection":[{"href":"https:\/\/ladepeche.mr\/index.php?rest_route=\/wp\/v2\/posts"}],"about":[{"href":"https:\/\/ladepeche.mr\/index.php?rest_route=\/wp\/v2\/types\/post"}],"author":[{"embeddable":true,"href":"https:\/\/ladepeche.mr\/index.php?rest_route=\/wp\/v2\/users\/2"}],"replies":[{"embeddable":true,"href":"https:\/\/ladepeche.mr\/index.php?rest_route=%2Fwp%2Fv2%2Fcomments&post=13497"}],"version-history":[{"count":1,"href":"https:\/\/ladepeche.mr\/index.php?rest_route=\/wp\/v2\/posts\/13497\/revisions"}],"predecessor-version":[{"id":13499,"href":"https:\/\/ladepeche.mr\/index.php?rest_route=\/wp\/v2\/posts\/13497\/revisions\/13499"}],"wp:featuredmedia":[{"embeddable":true,"href":"https:\/\/ladepeche.mr\/index.php?rest_route=\/wp\/v2\/media\/13498"}],"wp:attachment":[{"href":"https:\/\/ladepeche.mr\/index.php?rest_route=%2Fwp%2Fv2%2Fmedia&parent=13497"}],"wp:term":[{"taxonomy":"category","embeddable":true,"href":"https:\/\/ladepeche.mr\/index.php?rest_route=%2Fwp%2Fv2%2Fcategories&post=13497"},{"taxonomy":"post_tag","embeddable":true,"href":"https:\/\/ladepeche.mr\/index.php?rest_route=%2Fwp%2Fv2%2Ftags&post=13497"}],"curies":[{"name":"wp","href":"https:\/\/api.w.org\/{rel}","templated":true}]}}