{"id":13504,"date":"2025-01-19T10:28:23","date_gmt":"2025-01-19T10:28:23","guid":{"rendered":"https:\/\/ladepeche.mr\/?p=13504"},"modified":"2025-01-19T10:28:23","modified_gmt":"2025-01-19T10:28:23","slug":"le-hamas-a-remis-aux-mediateurs-une-liste-de-3-otages-a-liberer","status":"publish","type":"post","link":"https:\/\/ladepeche.mr\/?p=13504","title":{"rendered":"Le Hamas a remis aux m\u00e9diateurs une liste de 3 otages \u00e0 lib\u00e9rer"},"content":{"rendered":"<h4>Selon l&#8217;Autorit\u00e9 isra\u00e9lienne de radiodiffusion KAN la liste des otages isra\u00e9liennes devant \u00eatre lib\u00e9r\u00e9es a \u00e9t\u00e9 remise aux m\u00e9diateurs.<\/h4>\n<p class=\"selectionShareable\">Le Hamas a remis dimanche la liste des otages isra\u00e9liennes devant \u00eatre lib\u00e9r\u00e9es dans la premi\u00e8re \u00e9tape de la mise en \u0153uvre de l&#8217;accord conclu avec Isra\u00ebl.<\/p>\n<p class=\"selectionShareable\">L&#8217;information a \u00e9t\u00e9 d&#8217;abord annonc\u00e9e par l&#8217;autorit\u00e9 isra\u00e9lienne de radiodiffusion KAN, confirmant que la liste des otages isra\u00e9liennes devant \u00eatre lib\u00e9r\u00e9es a \u00e9t\u00e9 remise aux m\u00e9diateurs.<\/p>\n<p class=\"selectionShareable\">Peu apr\u00e8s, le porte-parole d&#8217;Al-Qassam, Abu Ubaida, a d\u00e9clar\u00e9 dans un communiqu\u00e9 que &#8220;dans le cadre de l&#8217;accord d&#8217;\u00e9change de prisonniers, les Brigades Al-Qassam ont d\u00e9cid\u00e9 de lib\u00e9rer aujourd&#8217;hui dimanche les prisonniers sionistes suivants : Romi Gonen (24 ans), Emily Damari (28 ans), Doron Shtanbar Khair (31 ans).<\/p>\n<p class=\"selectionShareable\">L&#8217;arm\u00e9e isra\u00e9lienne avait annonc\u00e9 plus t\u00f4t que le cessez-le-feu n&#8217;entrerait pas en vigueur tant que le Hamas ne remplirait pas ses obligations et ne pr\u00e9senterait pas une liste des otages isra\u00e9liens \u00e0 lib\u00e9rer.<\/p>\n<p class=\"selectionShareable\">Le Premier ministre isra\u00e9lien, Benyamin Netanyahu, aurait donn\u00e9 des instructions \u00e0 l&#8217;arm\u00e9e isra\u00e9lienne pour que le cessez-le-feu, qui devait entrer en vigueur \u00e0 dimanche 06h30 GMT, ne d\u00e9marrera pas tant que le Hamas n&#8217;aura pas pr\u00e9sent\u00e9 la liste des otages qu&#8217;il s&#8217;est engag\u00e9 \u00e0 lib\u00e9rer.<\/p>\n<p>aa.com.tr<\/p>\n","protected":false},"excerpt":{"rendered":"<p>Selon l&#8217;Autorit\u00e9 isra\u00e9lienne de radiodiffusion KAN la liste des otages isra\u00e9liennes devant \u00eatre lib\u00e9r\u00e9es a \u00e9t\u00e9 remise aux m\u00e9diateurs. Le Hamas a remis dimanche la liste des otages isra\u00e9liennes devant \u00eatre lib\u00e9r\u00e9es dans la premi\u00e8re \u00e9tape de la mise en \u0153uvre de l&#8217;accord conclu avec Isra\u00ebl. L&#8217;information a \u00e9t\u00e9 d&#8217;abord annonc\u00e9e par l&#8217;autorit\u00e9 isra\u00e9lienne de &hellip;<\/p>\n","protected":false},"author":2,"featured_media":13505,"comment_status":"open","ping_status":"open","sticky":false,"template":"","format":"standard","meta":{"footnotes":""},"categories":[18,29],"tags":[],"class_list":["post-13504","post","type-post","status-publish","format-standard","has-post-thumbnail","hentry","category-actualites","category-monde"],"_links":{"self":[{"href":"https:\/\/ladepeche.mr\/index.php?rest_route=\/wp\/v2\/posts\/13504","targetHints":{"allow":["GET"]}}],"collection":[{"href":"https:\/\/ladepeche.mr\/index.php?rest_route=\/wp\/v2\/posts"}],"about":[{"href":"https:\/\/ladepeche.mr\/index.php?rest_route=\/wp\/v2\/types\/post"}],"author":[{"embeddable":true,"href":"https:\/\/ladepeche.mr\/index.php?rest_route=\/wp\/v2\/users\/2"}],"replies":[{"embeddable":true,"href":"https:\/\/ladepeche.mr\/index.php?rest_route=%2Fwp%2Fv2%2Fcomments&post=13504"}],"version-history":[{"count":1,"href":"https:\/\/ladepeche.mr\/index.php?rest_route=\/wp\/v2\/posts\/13504\/revisions"}],"predecessor-version":[{"id":13506,"href":"https:\/\/ladepeche.mr\/index.php?rest_route=\/wp\/v2\/posts\/13504\/revisions\/13506"}],"wp:featuredmedia":[{"embeddable":true,"href":"https:\/\/ladepeche.mr\/index.php?rest_route=\/wp\/v2\/media\/13505"}],"wp:attachment":[{"href":"https:\/\/ladepeche.mr\/index.php?rest_route=%2Fwp%2Fv2%2Fmedia&parent=13504"}],"wp:term":[{"taxonomy":"category","embeddable":true,"href":"https:\/\/ladepeche.mr\/index.php?rest_route=%2Fwp%2Fv2%2Fcategories&post=13504"},{"taxonomy":"post_tag","embeddable":true,"href":"https:\/\/ladepeche.mr\/index.php?rest_route=%2Fwp%2Fv2%2Ftags&post=13504"}],"curies":[{"name":"wp","href":"https:\/\/api.w.org\/{rel}","templated":true}]}}