{"id":13507,"date":"2025-01-19T11:04:42","date_gmt":"2025-01-19T11:04:42","guid":{"rendered":"https:\/\/ladepeche.mr\/?p=13507"},"modified":"2025-01-19T11:04:42","modified_gmt":"2025-01-19T11:04:42","slug":"le-qatar-confirme-lentree-en-vigueur-du-cessez-le-feu-a-gaza","status":"publish","type":"post","link":"https:\/\/ladepeche.mr\/?p=13507","title":{"rendered":"Le Qatar confirme l&#8217;entr\u00e9e en vigueur du cessez-le-feu \u00e0 Gaza"},"content":{"rendered":"<h4>Selon le porte-parole de la diplomatie qatarie sur &#8220;X&#8221;.<\/h4>\n<p class=\"selectionShareable\">Le Qatar a confirm\u00e9 dimanche l&#8217;entr\u00e9e en vigueur de l&#8217;accord d&#8217;\u00e9change de prisonniers et de cessez-le-feu dans la bande de Gaza, apr\u00e8s la remise \u00e0 la partie isra\u00e9lienne les noms de trois prisonni\u00e8res, qui seront lib\u00e9r\u00e9es ce dimanche.<\/p>\n<p class=\"selectionShareable\">&#8220;Nous confirmons que les noms des trois otages qui seront lib\u00e9r\u00e9s aujourd\u2019hui ont \u00e9t\u00e9 remis \u00e0 la partie isra\u00e9lienne. il s\u2019agit de trois citoyennes isra\u00e9liennes, dont l&#8217;une porte la nationalit\u00e9 britannique et une autre titulaire de la nationalit\u00e9 roumaine&#8221;, a d\u00e9clar\u00e9 le porte-parole du minist\u00e8re qatari des Affaires \u00e9trang\u00e8res, Majed Al-Ansari, dans un message sur la plateforme &#8220;X&#8221;.<\/p>\n<p class=\"selectionShareable\">&#8220;C&#8217;est pourquoi le cessez-le-feu a commenc\u00e9&#8221; dans la bande de Gaza, a-t-il affirm\u00e9.<\/p>\n<p class=\"selectionShareable\">Peu avant cela, le bureau du Premier ministre isra\u00e9lien Benyamin Netanyahu avait d\u00e9clar\u00e9 dans un communiqu\u00e9 que le cessez-le-feu de la premi\u00e8re phase dans la bande de Gaza entrerait en vigueur \u00e0 11h15, heure palestinienne (09h15 GMT), apr\u00e8s avoir re\u00e7u la liste de femmes enn captivit\u00e9 et dont la lib\u00e9ration est pr\u00e9vue pour ce dimanche.<\/p>\n<p class=\"selectionShareable\">Dimanche matin, l&#8217;accord de cessez-le-feu dans la bande de Gaza entre le Hamas et Isra\u00ebl est entr\u00e9 en vigueur \u00e0 la date fix\u00e9e par les m\u00e9diateurs \u00e0 6h30 (UTG).<\/p>\n<p class=\"selectionShareable\">Cependant, Netanyahu a d\u00e9clar\u00e9 dans un communiqu\u00e9 \u00e9mis par son bureau que le cessez-le-feu &#8220;ne commencera pas tant que la liste des trois prisonni\u00e8res ne sera pas re\u00e7ue&#8221;.<\/p>\n<p class=\"selectionShareable\">Les Brigades Al-Qassam ont ensuite publi\u00e9 les noms des trois prisonni\u00e8res, tandis que le mouvement Hamas a confirm\u00e9 dans un communiqu\u00e9 avoir remis &#8220;les noms des trois prisonni\u00e8res qui seront lib\u00e9r\u00e9es aux m\u00e9diateurs&#8221;.<\/p>\n<p class=\"selectionShareable\">Le Hamas avait indiqu\u00e9 dans une d\u00e9claration pr\u00e9c\u00e9dente que le retard dans la remise de la liste \u00e9tait d\u00fb \u00e0 des raisons &#8220;techniques et logistiques&#8221;.<\/p>\n<p class=\"selectionShareable\">Avec le soutien am\u00e9ricain, Isra\u00ebl commet un g\u00e9nocide \u00e0 Gaza depuis le 7 octobre 2023, faisant plus de 157 000 victimes, entre morts et bless\u00e9s Palestiniens, pour la plupart des enfants et des femmes, et plus de 11 000 disparus, dans un contexte de destruction massive et de famine meurtri\u00e8re, tuant des dizaines d&#8217;enfants et les personnes \u00e2g\u00e9es, dans l&#8217;une des pires catastrophes humanitaire au monde.<\/p>\n<p>aa.com.tr<\/p>\n","protected":false},"excerpt":{"rendered":"<p>Selon le porte-parole de la diplomatie qatarie sur &#8220;X&#8221;. Le Qatar a confirm\u00e9 dimanche l&#8217;entr\u00e9e en vigueur de l&#8217;accord d&#8217;\u00e9change de prisonniers et de cessez-le-feu dans la bande de Gaza, apr\u00e8s la remise \u00e0 la partie isra\u00e9lienne les noms de trois prisonni\u00e8res, qui seront lib\u00e9r\u00e9es ce dimanche. &#8220;Nous confirmons que les noms des trois otages &hellip;<\/p>\n","protected":false},"author":2,"featured_media":13508,"comment_status":"open","ping_status":"open","sticky":false,"template":"","format":"standard","meta":{"footnotes":""},"categories":[18,29],"tags":[],"class_list":["post-13507","post","type-post","status-publish","format-standard","has-post-thumbnail","hentry","category-actualites","category-monde"],"_links":{"self":[{"href":"https:\/\/ladepeche.mr\/index.php?rest_route=\/wp\/v2\/posts\/13507","targetHints":{"allow":["GET"]}}],"collection":[{"href":"https:\/\/ladepeche.mr\/index.php?rest_route=\/wp\/v2\/posts"}],"about":[{"href":"https:\/\/ladepeche.mr\/index.php?rest_route=\/wp\/v2\/types\/post"}],"author":[{"embeddable":true,"href":"https:\/\/ladepeche.mr\/index.php?rest_route=\/wp\/v2\/users\/2"}],"replies":[{"embeddable":true,"href":"https:\/\/ladepeche.mr\/index.php?rest_route=%2Fwp%2Fv2%2Fcomments&post=13507"}],"version-history":[{"count":1,"href":"https:\/\/ladepeche.mr\/index.php?rest_route=\/wp\/v2\/posts\/13507\/revisions"}],"predecessor-version":[{"id":13509,"href":"https:\/\/ladepeche.mr\/index.php?rest_route=\/wp\/v2\/posts\/13507\/revisions\/13509"}],"wp:featuredmedia":[{"embeddable":true,"href":"https:\/\/ladepeche.mr\/index.php?rest_route=\/wp\/v2\/media\/13508"}],"wp:attachment":[{"href":"https:\/\/ladepeche.mr\/index.php?rest_route=%2Fwp%2Fv2%2Fmedia&parent=13507"}],"wp:term":[{"taxonomy":"category","embeddable":true,"href":"https:\/\/ladepeche.mr\/index.php?rest_route=%2Fwp%2Fv2%2Fcategories&post=13507"},{"taxonomy":"post_tag","embeddable":true,"href":"https:\/\/ladepeche.mr\/index.php?rest_route=%2Fwp%2Fv2%2Ftags&post=13507"}],"curies":[{"name":"wp","href":"https:\/\/api.w.org\/{rel}","templated":true}]}}