{"id":13522,"date":"2025-01-19T14:00:40","date_gmt":"2025-01-19T14:00:40","guid":{"rendered":"https:\/\/ladepeche.mr\/?p=13522"},"modified":"2025-01-19T14:01:15","modified_gmt":"2025-01-19T14:01:15","slug":"maroc-interpellation-a-taourirt-dun-extremiste-partisan-de-lorganisation-terroriste-daech-bcij","status":"publish","type":"post","link":"https:\/\/ladepeche.mr\/?p=13522","title":{"rendered":"Maroc : Interpellation \u00e0 Taourirt d\u2019un extr\u00e9miste partisan de l\u2019organisation terroriste Daech (BCIJ)"},"content":{"rendered":"<p>Dans le cadre des op\u00e9rations men\u00e9es en direction des structures radicales, des \u00e9l\u00e9ments de la police judiciaire de Taourirt ont interpell\u00e9, mercredi dernier, sur la base de renseignements fournis par les services de la Direction G\u00e9n\u00e9rale de la Surveillance du Territoire (DGST), un individu impr\u00e9gn\u00e9 de l\u2019id\u00e9ologie de l&#8217;organisation terroriste Daech, exer\u00e7ant en tant qu&#8217;enseignant au douar Sidi Chafi relevant de la province de Taourirt.<\/p>\n<p>Cette op\u00e9ration intervient dans le cadre des efforts d\u00e9ploy\u00e9s par les services de s\u00e9curit\u00e9 visant \u00e0 neutraliser les risques des menaces terroristes et \u00e0 pr\u00e9venir les projets extr\u00e9mistes qui guettent la s\u00e9curit\u00e9 et la stabilit\u00e9 du Royaume, indique un communiqu\u00e9 du Bureau Central d&#8217;Investigations Judiciaires (BCIJ).<\/p>\n<p>Les perquisitions men\u00e9es au domicile du suspect ont permis la saisie de mati\u00e8res chimiques suspectes susceptibles d&#8217;\u00eatre utilis\u00e9es dans la fabrication d&#8217;engins explosifs artisanaux, dont des flacons contenant de l&#8217;acide chlorhydrique, du peroxyde d&#8217;hydrog\u00e8ne et du sulfate de zinc, soumis \u00e0 l&#8217;expertise scientifique, ainsi que des armes blanches de diff\u00e9rentes tailles, des t\u00e9l\u00e9phones portables et des supports \u00e9lectroniques.<\/p>\n<p>Les donn\u00e9es pr\u00e9liminaires de l&#8217;enqu\u00eate r\u00e9v\u00e8lent que le suspect a collect\u00e9 plusieurs informations dans le but de prendre connaissance des mati\u00e8res et substances utilis\u00e9es dans la fabrication d&#8217;explosifs et de s&#8217;initier au proc\u00e9d\u00e9 de leur usage dans le cadre de son projet terroriste, l&#8217;objectif \u00e9tant de porter gravement atteinte \u00e0 la s\u00e9curit\u00e9 des personnes et \u00e0 l&#8217;ordre public.<\/p>\n<p>Le mis en cause a \u00e9t\u00e9 d\u00e9f\u00e9r\u00e9 devant le BCIJ o\u00f9 il a \u00e9t\u00e9 plac\u00e9 en garde \u00e0 vue pour approfondir l\u2019enqu\u00eate men\u00e9e sous la supervision du parquet en charge des affaires de terrorisme, afin d\u2019identifier l&#8217;ensemble des cibles terroristes vis\u00e9es par le suspect, ainsi que ses liens avec d\u2019\u00e9ventuels complices.<\/p>\n<p>(m\u00e9dias)<\/p>\n","protected":false},"excerpt":{"rendered":"<p>Dans le cadre des op\u00e9rations men\u00e9es en direction des structures radicales, des \u00e9l\u00e9ments de la police judiciaire de Taourirt ont interpell\u00e9, mercredi dernier, sur la base de renseignements fournis par les services de la Direction G\u00e9n\u00e9rale de la Surveillance du Territoire (DGST), un individu impr\u00e9gn\u00e9 de l\u2019id\u00e9ologie de l&#8217;organisation terroriste Daech, exer\u00e7ant en tant qu&#8217;enseignant &hellip;<\/p>\n","protected":false},"author":2,"featured_media":13523,"comment_status":"open","ping_status":"open","sticky":false,"template":"","format":"standard","meta":{"footnotes":""},"categories":[18,29],"tags":[],"class_list":["post-13522","post","type-post","status-publish","format-standard","has-post-thumbnail","hentry","category-actualites","category-monde"],"_links":{"self":[{"href":"https:\/\/ladepeche.mr\/index.php?rest_route=\/wp\/v2\/posts\/13522","targetHints":{"allow":["GET"]}}],"collection":[{"href":"https:\/\/ladepeche.mr\/index.php?rest_route=\/wp\/v2\/posts"}],"about":[{"href":"https:\/\/ladepeche.mr\/index.php?rest_route=\/wp\/v2\/types\/post"}],"author":[{"embeddable":true,"href":"https:\/\/ladepeche.mr\/index.php?rest_route=\/wp\/v2\/users\/2"}],"replies":[{"embeddable":true,"href":"https:\/\/ladepeche.mr\/index.php?rest_route=%2Fwp%2Fv2%2Fcomments&post=13522"}],"version-history":[{"count":4,"href":"https:\/\/ladepeche.mr\/index.php?rest_route=\/wp\/v2\/posts\/13522\/revisions"}],"predecessor-version":[{"id":13527,"href":"https:\/\/ladepeche.mr\/index.php?rest_route=\/wp\/v2\/posts\/13522\/revisions\/13527"}],"wp:featuredmedia":[{"embeddable":true,"href":"https:\/\/ladepeche.mr\/index.php?rest_route=\/wp\/v2\/media\/13523"}],"wp:attachment":[{"href":"https:\/\/ladepeche.mr\/index.php?rest_route=%2Fwp%2Fv2%2Fmedia&parent=13522"}],"wp:term":[{"taxonomy":"category","embeddable":true,"href":"https:\/\/ladepeche.mr\/index.php?rest_route=%2Fwp%2Fv2%2Fcategories&post=13522"},{"taxonomy":"post_tag","embeddable":true,"href":"https:\/\/ladepeche.mr\/index.php?rest_route=%2Fwp%2Fv2%2Ftags&post=13522"}],"curies":[{"name":"wp","href":"https:\/\/api.w.org\/{rel}","templated":true}]}}