{"id":13528,"date":"2025-01-19T13:30:13","date_gmt":"2025-01-19T13:30:13","guid":{"rendered":"https:\/\/ladepeche.mr\/?p=13528"},"modified":"2025-01-19T13:12:02","modified_gmt":"2025-01-19T13:12:02","slug":"nouvel-accord-sur-les-quotas-de-peche-entre-dakar-et-nouakchott","status":"publish","type":"post","link":"https:\/\/ladepeche.mr\/?p=13528","title":{"rendered":"Nouvel accord sur les quotas de p\u00eache entre Dakar et Nouakchott"},"content":{"rendered":"<p><strong>Parmi les retomb\u00e9es de la r\u00e9cente visite du Premier ministre du S\u00e9n\u00e9gal en Mauritanie, un nouvel accord de principe sur la p\u00eache est venu renforcer la collaboration entre les deux pays voisins.<\/strong><\/p>\n<p>La ministre s\u00e9n\u00e9galaise de la P\u00eache, Dr. Fatou Diouf, a annonc\u00e9, vendredi, un accord de principe avec la Mauritanie pour augmenter les quotas de p\u00eache accord\u00e9s aux p\u00eacheurs s\u00e9n\u00e9galais. Cette d\u00e9cision, qui sera finalis\u00e9e apr\u00e8s l\u2019\u00e9valuation des stocks de petits p\u00e9lagiques, fait suite \u00e0 des discussions tenues du 12 au 14 janvier \u00e0 Nouakchott avec son homologue mauritanien, El Vadil Sidaty Ahmed Louly.<\/p>\n<p>Les deux pays ont convenu de renforcer leur collaboration dans plusieurs domaines cl\u00e9s : recherche scientifique, certification sanitaire, transformation artisanale, cogestion des p\u00eacheries locales, p\u00eache continentale, aquaculture et affaires maritimes. Un accent particulier a \u00e9t\u00e9 mis sur le respect des zones de p\u00eache autoris\u00e9es et l\u2019obligation de d\u00e9barquement.<\/p>\n<p>Les ministres ont \u00e9galement progress\u00e9 sur la d\u00e9limitation de la zone de s\u00e9curit\u00e9 autour de la plateforme Grande Tortue Ahmeyim (GTA), un projet p\u00e9trogazier strat\u00e9gique en cours de validation entre les deux pays.<\/p>\n<p>Cette visite, qui s\u2019inscrit dans le cadre du d\u00e9placement du Premier ministre s\u00e9n\u00e9galais Ousmane Sonko en Mauritanie, a \u00e9galement permis \u00e0 la d\u00e9l\u00e9gation s\u00e9n\u00e9galaise de visiter le port min\u00e9ralier de Nouadhibou et une usine de p\u00eache, illustrant la volont\u00e9 de renforcer les liens \u00e9conomiques entre les deux pays.<\/p>\n<p>APA via https:\/\/www.sudquotidien.sn\/<\/p>\n","protected":false},"excerpt":{"rendered":"<p>Parmi les retomb\u00e9es de la r\u00e9cente visite du Premier ministre du S\u00e9n\u00e9gal en Mauritanie, un nouvel accord de principe sur la p\u00eache est venu renforcer la collaboration entre les deux pays voisins. La ministre s\u00e9n\u00e9galaise de la P\u00eache, Dr. Fatou Diouf, a annonc\u00e9, vendredi, un accord de principe avec la Mauritanie pour augmenter les quotas &hellip;<\/p>\n","protected":false},"author":2,"featured_media":13529,"comment_status":"open","ping_status":"open","sticky":false,"template":"","format":"standard","meta":{"footnotes":""},"categories":[18,2,29],"tags":[],"class_list":["post-13528","post","type-post","status-publish","format-standard","has-post-thumbnail","hentry","category-actualites","category-economie","category-monde"],"_links":{"self":[{"href":"https:\/\/ladepeche.mr\/index.php?rest_route=\/wp\/v2\/posts\/13528","targetHints":{"allow":["GET"]}}],"collection":[{"href":"https:\/\/ladepeche.mr\/index.php?rest_route=\/wp\/v2\/posts"}],"about":[{"href":"https:\/\/ladepeche.mr\/index.php?rest_route=\/wp\/v2\/types\/post"}],"author":[{"embeddable":true,"href":"https:\/\/ladepeche.mr\/index.php?rest_route=\/wp\/v2\/users\/2"}],"replies":[{"embeddable":true,"href":"https:\/\/ladepeche.mr\/index.php?rest_route=%2Fwp%2Fv2%2Fcomments&post=13528"}],"version-history":[{"count":1,"href":"https:\/\/ladepeche.mr\/index.php?rest_route=\/wp\/v2\/posts\/13528\/revisions"}],"predecessor-version":[{"id":13530,"href":"https:\/\/ladepeche.mr\/index.php?rest_route=\/wp\/v2\/posts\/13528\/revisions\/13530"}],"wp:featuredmedia":[{"embeddable":true,"href":"https:\/\/ladepeche.mr\/index.php?rest_route=\/wp\/v2\/media\/13529"}],"wp:attachment":[{"href":"https:\/\/ladepeche.mr\/index.php?rest_route=%2Fwp%2Fv2%2Fmedia&parent=13528"}],"wp:term":[{"taxonomy":"category","embeddable":true,"href":"https:\/\/ladepeche.mr\/index.php?rest_route=%2Fwp%2Fv2%2Fcategories&post=13528"},{"taxonomy":"post_tag","embeddable":true,"href":"https:\/\/ladepeche.mr\/index.php?rest_route=%2Fwp%2Fv2%2Ftags&post=13528"}],"curies":[{"name":"wp","href":"https:\/\/api.w.org\/{rel}","templated":true}]}}