{"id":13537,"date":"2025-01-19T22:36:22","date_gmt":"2025-01-19T22:36:22","guid":{"rendered":"https:\/\/ladepeche.mr\/?p=13537"},"modified":"2025-01-19T22:36:22","modified_gmt":"2025-01-19T22:36:22","slug":"trois-camions-et-quatre-chauffeurs-marocains-portes-disparus-entre-le-burkina-faso-et-le-niger","status":"publish","type":"post","link":"https:\/\/ladepeche.mr\/?p=13537","title":{"rendered":"Trois camions et quatre chauffeurs marocains port\u00e9s disparus entre le Burkina Faso et le Niger"},"content":{"rendered":"<p><strong>Trois camions marocains \u00e0 leur bord quatre Marocains ont disparu entre le Burkina Faso et le Niger, ont rapport\u00e9 des sources fiables dans le secteur du transport international de marchandises.<\/strong><\/p>\n<p>Selon ces m\u00eames sources consult\u00e9es par Hespress, les trois camions avaient termin\u00e9 leur trajet initial depuis la ville de Dori au Burkina Faso en direction de la ville de T\u00e9ra au Niger, avant de dispara\u00eetre depuis les premi\u00e8res heures du samedi matin.<\/p>\n<p>Des sources parmi d\u2019autres chauffeurs marocains de camions de transport international de marchandises \u00e0 Dori, au Burkina Faso, ont indiqu\u00e9 \u00e0 Hespress qu\u2019\u00ab il circulait des rumeurs depuis la disparition selon lesquelles des membres de Boko Haram auraient enlev\u00e9 les quatre chauffeurs marocains \u00bb.<\/p>\n<p>L\u2019Union g\u00e9n\u00e9rale des professionnels du transport national et international a lanc\u00e9 un appel aux autorit\u00e9s diplomatiques marocaines au Niger et au Burkina Faso pour \u00ab obtenir des informations sur les trois camions et leurs quatre occupants \u00bb.<\/p>\n<p>Le secr\u00e9taire g\u00e9n\u00e9ral de l\u2019Union, El Charki El Hamchi, a d\u00e9clar\u00e9 que \u00ab ces quatre chauffeurs sont introuvables depuis les premi\u00e8res heures de samedi matin, au milieu des rumeurs de leur enl\u00e8vement par Boko Haram \u00bb.<\/p>\n<p>El Hamchi a appel\u00e9 les autorit\u00e9s diplomatiques marocaines \u00e0 \u00ab clarifier l\u2019emplacement de ces chauffeurs afin de mettre fin \u00e0 ces rumeurs inqui\u00e9tantes \u00bb.<\/p>\n<p>Aucune nouvelle sur leur emplacement et leur \u00e9tat n\u2019a \u00e9t\u00e9 communiqu\u00e9 pour l\u2019instant.<\/p>\n","protected":false},"excerpt":{"rendered":"<p>Trois camions marocains \u00e0 leur bord quatre Marocains ont disparu entre le Burkina Faso et le Niger, ont rapport\u00e9 des sources fiables dans le secteur du transport international de marchandises. Selon ces m\u00eames sources consult\u00e9es par Hespress, les trois camions avaient termin\u00e9 leur trajet initial depuis la ville de Dori au Burkina Faso en direction &hellip;<\/p>\n","protected":false},"author":2,"featured_media":13538,"comment_status":"open","ping_status":"open","sticky":false,"template":"","format":"standard","meta":{"footnotes":""},"categories":[18,29],"tags":[],"class_list":["post-13537","post","type-post","status-publish","format-standard","has-post-thumbnail","hentry","category-actualites","category-monde"],"_links":{"self":[{"href":"https:\/\/ladepeche.mr\/index.php?rest_route=\/wp\/v2\/posts\/13537","targetHints":{"allow":["GET"]}}],"collection":[{"href":"https:\/\/ladepeche.mr\/index.php?rest_route=\/wp\/v2\/posts"}],"about":[{"href":"https:\/\/ladepeche.mr\/index.php?rest_route=\/wp\/v2\/types\/post"}],"author":[{"embeddable":true,"href":"https:\/\/ladepeche.mr\/index.php?rest_route=\/wp\/v2\/users\/2"}],"replies":[{"embeddable":true,"href":"https:\/\/ladepeche.mr\/index.php?rest_route=%2Fwp%2Fv2%2Fcomments&post=13537"}],"version-history":[{"count":1,"href":"https:\/\/ladepeche.mr\/index.php?rest_route=\/wp\/v2\/posts\/13537\/revisions"}],"predecessor-version":[{"id":13539,"href":"https:\/\/ladepeche.mr\/index.php?rest_route=\/wp\/v2\/posts\/13537\/revisions\/13539"}],"wp:featuredmedia":[{"embeddable":true,"href":"https:\/\/ladepeche.mr\/index.php?rest_route=\/wp\/v2\/media\/13538"}],"wp:attachment":[{"href":"https:\/\/ladepeche.mr\/index.php?rest_route=%2Fwp%2Fv2%2Fmedia&parent=13537"}],"wp:term":[{"taxonomy":"category","embeddable":true,"href":"https:\/\/ladepeche.mr\/index.php?rest_route=%2Fwp%2Fv2%2Fcategories&post=13537"},{"taxonomy":"post_tag","embeddable":true,"href":"https:\/\/ladepeche.mr\/index.php?rest_route=%2Fwp%2Fv2%2Ftags&post=13537"}],"curies":[{"name":"wp","href":"https:\/\/api.w.org\/{rel}","templated":true}]}}