{"id":13547,"date":"2025-01-20T14:57:59","date_gmt":"2025-01-20T14:57:59","guid":{"rendered":"https:\/\/ladepeche.mr\/?p=13547"},"modified":"2025-01-20T14:57:59","modified_gmt":"2025-01-20T14:57:59","slug":"la-mauritanie-prepare-une-feuille-de-route-pour-leducation-numerique","status":"publish","type":"post","link":"https:\/\/ladepeche.mr\/?p=13547","title":{"rendered":"La Mauritanie pr\u00e9pare une feuille de route pour l&#8217;\u00e9ducation num\u00e9rique"},"content":{"rendered":"<p><strong><span class=\"texte\">La transformation num\u00e9rique dans le secteur \u00e9ducatif est devenue une priorit\u00e9 pour de nombreux pays, cherchant \u00e0 moderniser leurs syst\u00e8mes scolaires et \u00e0 pr\u00e9parer les jeunes g\u00e9n\u00e9rations aux d\u00e9fis de l&#8217;avenir.<\/span><\/strong><\/p>\n<p class=\"texte\">La Mauritanie souhaite r\u00e9former son syst\u00e8me \u00e9ducatif en y int\u00e9grant le num\u00e9rique. Dans ce cadre, le minist\u00e8re de l\u2019\u00c9ducation et de la R\u00e9forme du syst\u00e8me \u00e9ducatif a organis\u00e9, le mercredi 15 janvier, un atelier r\u00e9unissant les acteurs cl\u00e9s pour \u00e9laborer une feuille de route nationale pour la transformation num\u00e9rique de l\u2019\u00e9ducation.<\/p>\n<p class=\"texte\">Selon Yahya Boba Taleb, secr\u00e9taire g\u00e9n\u00e9ral du minist\u00e8re de l\u2019\u00c9ducation, cet atelier avait pour but d&#8217;\u00e9laborer un plan de d\u00e9veloppement de l\u2019\u00e9ducation, dont les r\u00e9sultats poseront des jalons clairs pour une \u00e9ducation moderne. Les actions et initiatives qui en d\u00e9couleront devraient poser les bases d\u2019une r\u00e9forme durable et adapt\u00e9e aux enjeux actuels.<\/p>\n<p class=\"texte\">Cette initiative s\u2019inscrit dans le cadre de la Strat\u00e9gie de transformation num\u00e9rique en cours dans le pays. Elle intervient quelques mois apr\u00e8s que la Mauritanie a rejoint le Programme d\u2019\u00e9ducation num\u00e9rique de la Fondation FIFA, devenant le premier pays en Afrique \u00e0 participer \u00e0 ce programme. Le projet vise \u00e0 former 10 000 enfants mauritaniens \u00e2g\u00e9s de 6 \u00e0 12 ans sur une p\u00e9riode de trois ans dans des domaines tels que le codage, la robotique et l&#8217;alphab\u00e9tisation num\u00e9rique.<\/p>\n<p class=\"texte\">Si la Mauritanie parvient \u00e0 finaliser cette feuille de route, celle-ci aura pour objectif d\u2019int\u00e9grer la technologie de mani\u00e8re coh\u00e9rente et inclusive dans le syst\u00e8me \u00e9ducatif. Elle sera con\u00e7ue pour am\u00e9liorer l\u2019acc\u00e8s, la qualit\u00e9 et l\u2019\u00e9quit\u00e9 dans l\u2019\u00e9ducation, en s\u2019appuyant sur les meilleures pratiques internationales. La transformation num\u00e9rique, d\u00e9sormais per\u00e7ue comme une n\u00e9cessit\u00e9, sera au c\u0153ur de ce processus pour offrir une \u00e9ducation adapt\u00e9e aux enjeux du XXIe si\u00e8cle, y compris pour les \u00e9l\u00e8ves des zones rurales, souvent moins accessibles aux ressources \u00e9ducatives modernes. https:\/\/www.wearetech.africa\/<\/p>\n","protected":false},"excerpt":{"rendered":"<p>La transformation num\u00e9rique dans le secteur \u00e9ducatif est devenue une priorit\u00e9 pour de nombreux pays, cherchant \u00e0 moderniser leurs syst\u00e8mes scolaires et \u00e0 pr\u00e9parer les jeunes g\u00e9n\u00e9rations aux d\u00e9fis de l&#8217;avenir. La Mauritanie souhaite r\u00e9former son syst\u00e8me \u00e9ducatif en y int\u00e9grant le num\u00e9rique. Dans ce cadre, le minist\u00e8re de l\u2019\u00c9ducation et de la R\u00e9forme du &hellip;<\/p>\n","protected":false},"author":2,"featured_media":13548,"comment_status":"open","ping_status":"open","sticky":false,"template":"","format":"standard","meta":{"footnotes":""},"categories":[18],"tags":[],"class_list":["post-13547","post","type-post","status-publish","format-standard","has-post-thumbnail","hentry","category-actualites"],"_links":{"self":[{"href":"https:\/\/ladepeche.mr\/index.php?rest_route=\/wp\/v2\/posts\/13547","targetHints":{"allow":["GET"]}}],"collection":[{"href":"https:\/\/ladepeche.mr\/index.php?rest_route=\/wp\/v2\/posts"}],"about":[{"href":"https:\/\/ladepeche.mr\/index.php?rest_route=\/wp\/v2\/types\/post"}],"author":[{"embeddable":true,"href":"https:\/\/ladepeche.mr\/index.php?rest_route=\/wp\/v2\/users\/2"}],"replies":[{"embeddable":true,"href":"https:\/\/ladepeche.mr\/index.php?rest_route=%2Fwp%2Fv2%2Fcomments&post=13547"}],"version-history":[{"count":1,"href":"https:\/\/ladepeche.mr\/index.php?rest_route=\/wp\/v2\/posts\/13547\/revisions"}],"predecessor-version":[{"id":13549,"href":"https:\/\/ladepeche.mr\/index.php?rest_route=\/wp\/v2\/posts\/13547\/revisions\/13549"}],"wp:featuredmedia":[{"embeddable":true,"href":"https:\/\/ladepeche.mr\/index.php?rest_route=\/wp\/v2\/media\/13548"}],"wp:attachment":[{"href":"https:\/\/ladepeche.mr\/index.php?rest_route=%2Fwp%2Fv2%2Fmedia&parent=13547"}],"wp:term":[{"taxonomy":"category","embeddable":true,"href":"https:\/\/ladepeche.mr\/index.php?rest_route=%2Fwp%2Fv2%2Fcategories&post=13547"},{"taxonomy":"post_tag","embeddable":true,"href":"https:\/\/ladepeche.mr\/index.php?rest_route=%2Fwp%2Fv2%2Ftags&post=13547"}],"curies":[{"name":"wp","href":"https:\/\/api.w.org\/{rel}","templated":true}]}}