{"id":13553,"date":"2025-01-20T21:10:49","date_gmt":"2025-01-20T21:10:49","guid":{"rendered":"https:\/\/ladepeche.mr\/?p=13553"},"modified":"2025-01-20T21:10:49","modified_gmt":"2025-01-20T21:10:49","slug":"loi-reglementant-les-institutions-de-credit-reaction-du-ministre-de-leconomie-et-des-finances","status":"publish","type":"post","link":"https:\/\/ladepeche.mr\/?p=13553","title":{"rendered":"Loi r\u00e9glementant les institutions de cr\u00e9dit: R\u00e9action du ministre de l&#8217;\u00e9conomie et des finances"},"content":{"rendered":"<p>L\u2019Assembl\u00e9e nationale a adopt\u00e9, ce jeudi soir, le projet de loi n\u00b0 24-039, qui compl\u00e8te, modifie et remplace certaines dispositions de la loi n\u00b0 2018-03 du 16 ao\u00fbt 2018 r\u00e9glementant les institutions de cr\u00e9dit.<\/p>\n<p>Le ministre de l\u2019\u00c9conomie et des Finances, M. Sid&#8217;Ahmed Ould Bouh, a expliqu\u00e9 que la l\u00e9gislation actuelle r\u00e9gissant les institutions de cr\u00e9dit ne pr\u00e9voit pas de m\u00e9canismes clairs et progressifs pour traiter les difficult\u00e9s rencontr\u00e9es par les banques. Il a ajout\u00e9 que les amendements propos\u00e9s dans ce projet de loi visent \u00e0 combler ces lacunes en d\u00e9finissant des proc\u00e9dures sp\u00e9cifiques pour g\u00e9rer les situations complexes auxquelles les banques peuvent \u00eatre confront\u00e9es dans un environnement devenu plus exigeant que jamais.<\/p>\n<p>M. le ministre a soulign\u00e9 que les dispositions propos\u00e9es s&#8217;alignent avec les meilleures pratiques internationales actuelles, insistant sur l\u2019importance de maintenir un syst\u00e8me financier stable, capable de rassurer les acteurs \u00e9conomiques et de soutenir les activit\u00e9s \u00e9conomiques du pays.<\/p>\n<p>Il a pr\u00e9cis\u00e9 que le projet de loi vise principalement \u00e0 prot\u00e9ger les d\u00e9posants, \u00e0 renforcer la stabilit\u00e9 financi\u00e8re et \u00e0 encadrer les interventions face aux banques en difficult\u00e9. Ces objectifs seront atteints gr\u00e2ce \u00e0 trois approches : l\u2019assainissement, le redressement et la liquidation.<\/p>\n<p>Le ministre a rassur\u00e9 les d\u00e9put\u00e9s sur la d\u00e9termination du gouvernement \u00e0 garantir la transparence et la cr\u00e9dibilit\u00e9 du syst\u00e8me financier. Il a \u00e9galement mentionn\u00e9 les mesures d\u00e9j\u00e0 mises en place pour prot\u00e9ger les banques et le syst\u00e8me financier contre les cyberattaques.<\/p>\n<p>Enfin, il a indiqu\u00e9 que la Banque centrale travaille actuellement \u00e0 r\u00e9viser le r\u00e9gime des sanctions appliqu\u00e9 aux banques, afin de l\u2019adapter davantage aux besoins du contexte.<\/p>\n<p>L&#8217;int\u00e9gralit\u00e9 de l\u2019intervention du ministre devant les d\u00e9put\u00e9s est disponible ici<\/p>\n<p>MEF<\/p>\n<p>Titre LDM<\/p>\n","protected":false},"excerpt":{"rendered":"<p>L\u2019Assembl\u00e9e nationale a adopt\u00e9, ce jeudi soir, le projet de loi n\u00b0 24-039, qui compl\u00e8te, modifie et remplace certaines dispositions de la loi n\u00b0 2018-03 du 16 ao\u00fbt 2018 r\u00e9glementant les institutions de cr\u00e9dit. Le ministre de l\u2019\u00c9conomie et des Finances, M. Sid&#8217;Ahmed Ould Bouh, a expliqu\u00e9 que la l\u00e9gislation actuelle r\u00e9gissant les institutions de &hellip;<\/p>\n","protected":false},"author":2,"featured_media":10899,"comment_status":"open","ping_status":"open","sticky":false,"template":"","format":"standard","meta":{"footnotes":""},"categories":[18,2],"tags":[],"class_list":["post-13553","post","type-post","status-publish","format-standard","has-post-thumbnail","hentry","category-actualites","category-economie"],"_links":{"self":[{"href":"https:\/\/ladepeche.mr\/index.php?rest_route=\/wp\/v2\/posts\/13553","targetHints":{"allow":["GET"]}}],"collection":[{"href":"https:\/\/ladepeche.mr\/index.php?rest_route=\/wp\/v2\/posts"}],"about":[{"href":"https:\/\/ladepeche.mr\/index.php?rest_route=\/wp\/v2\/types\/post"}],"author":[{"embeddable":true,"href":"https:\/\/ladepeche.mr\/index.php?rest_route=\/wp\/v2\/users\/2"}],"replies":[{"embeddable":true,"href":"https:\/\/ladepeche.mr\/index.php?rest_route=%2Fwp%2Fv2%2Fcomments&post=13553"}],"version-history":[{"count":1,"href":"https:\/\/ladepeche.mr\/index.php?rest_route=\/wp\/v2\/posts\/13553\/revisions"}],"predecessor-version":[{"id":13554,"href":"https:\/\/ladepeche.mr\/index.php?rest_route=\/wp\/v2\/posts\/13553\/revisions\/13554"}],"wp:featuredmedia":[{"embeddable":true,"href":"https:\/\/ladepeche.mr\/index.php?rest_route=\/wp\/v2\/media\/10899"}],"wp:attachment":[{"href":"https:\/\/ladepeche.mr\/index.php?rest_route=%2Fwp%2Fv2%2Fmedia&parent=13553"}],"wp:term":[{"taxonomy":"category","embeddable":true,"href":"https:\/\/ladepeche.mr\/index.php?rest_route=%2Fwp%2Fv2%2Fcategories&post=13553"},{"taxonomy":"post_tag","embeddable":true,"href":"https:\/\/ladepeche.mr\/index.php?rest_route=%2Fwp%2Fv2%2Ftags&post=13553"}],"curies":[{"name":"wp","href":"https:\/\/api.w.org\/{rel}","templated":true}]}}