{"id":13563,"date":"2025-01-21T15:05:39","date_gmt":"2025-01-21T15:05:39","guid":{"rendered":"https:\/\/ladepeche.mr\/?p=13563"},"modified":"2025-01-21T15:16:54","modified_gmt":"2025-01-21T15:16:54","slug":"palestine-la-naissance-dune-nouvelle-ere-de-soutien-mondial-apres-15-mois-de-barbarie","status":"publish","type":"post","link":"https:\/\/ladepeche.mr\/?p=13563","title":{"rendered":"Palestine : La naissance d&#8217;une nouvelle \u00e8re de soutien mondial apr\u00e8s 15 mois de Barbarie"},"content":{"rendered":"<p>Les quinze mois d\u2019offensive brutale men\u00e9s par Isra\u00ebl \u00e0 Gaza n\u2019ont pas seulement marqu\u00e9 une escalade de la violence : ils ont d\u00e9clench\u00e9 un bouleversement profond dans l\u2019opinion publique mondiale. Ces mois de barbarie ont mis en lumi\u00e8re l\u2019ampleur des souffrances du peuple palestinien, au point de red\u00e9finir le rapport des nations \u00e0 cette lutte historique. \u00c0 l\u2019image du peuple juif sorti vainqueur moralement et politiquement des horreurs de la Seconde Guerre mondiale, les Palestiniens \u00e9mergent aujourd\u2019hui comme les v\u00e9ritables gagnants d\u2019un conflit qui aura co\u00fbt\u00e9 des milliers de vies, mais qui aura aussi r\u00e9veill\u00e9 la conscience universelle.<\/p>\n<p><strong>Un basculement historique : l\u2019\u00e9mergence de la cause palestinienne<\/strong><\/p>\n<p>Tout comme la trag\u00e9die de l\u2019Holocauste a offert au peuple juif une reconnaissance internationale et un \u00e9lan mondial de soutien pour leur droit \u00e0 une nation, les atrocit\u00e9s v\u00e9cues par le peuple palestinien \u00e0 Gaza redessinent les perceptions. D\u00e9sormais, la lutte des Palestiniens pour la libert\u00e9 et la dignit\u00e9 b\u00e9n\u00e9ficie d\u2019un \u00e9cho sans pr\u00e9c\u00e9dent, qui transcende les fronti\u00e8res, les cultures et les sensibilit\u00e9s politiques.<\/p>\n<p>Les bombardements aveugles, les destructions massives et les souffrances inflig\u00e9es aux civils, y compris les femmes et les enfants, ont laiss\u00e9 une empreinte ind\u00e9l\u00e9bile dans les esprits. Partout, des voix s\u2019\u00e9l\u00e8vent pour d\u00e9noncer une injustice flagrante et r\u00e9clamer des droits pour un peuple longtemps r\u00e9duit au silence.<\/p>\n<p><strong>Un double antis\u00e9mitisme : la souffrance des deux peuples reconnue<\/strong><\/p>\n<p>Nous entrons dans une nouvelle \u00e8re o\u00f9 la notion m\u00eame d\u2019antis\u00e9mitisme s\u2019\u00e9largit. Historiquement utilis\u00e9e pour d\u00e9signer la haine envers le peuple juif, elle pourrait d\u00e9sormais inclure une autre r\u00e9alit\u00e9 : celle d\u2019un antis\u00e9mitisme invers\u00e9 contre les Palestiniens, un peuple s\u00e9mitique lui aussi, dont l\u2019existence m\u00eame a \u00e9t\u00e9 ni\u00e9e et bafou\u00e9e. Cette double reconnaissance, bien qu\u2019am\u00e8re, pourrait devenir une cl\u00e9 pour unir ces deux peuples dans une humanit\u00e9 partag\u00e9e, plut\u00f4t que de les opposer \u00e9ternellement.<\/p>\n<p>L\u2019\u00e8re qui s\u2019ouvre semble marqu\u00e9e par une universalisation de la solidarit\u00e9. Les Palestiniens ne sont plus vus comme de simples victimes d\u2019un conflit r\u00e9gional, mais comme les porteurs d\u2019une cause universelle : celle de la lutte contre l\u2019oppression, la colonisation et la n\u00e9gation de l\u2019identit\u00e9.<\/p>\n<p><strong>Une vague mondiale de soutien : un tournant in\u00e9dit<\/strong><\/p>\n<p>Ces quinze mois de souffrances ont \u00e9galement apport\u00e9 aux Palestiniens une visibilit\u00e9 sans pr\u00e9c\u00e9dent. \u00c0 travers le monde, des manifestations massives ont eu lieu, des personnalit\u00e9s publiques ont pris position, et des gouvernements autrefois silencieux ont d\u00e9nonc\u00e9 les actions d\u2019Isra\u00ebl. De l\u2019Am\u00e9rique latine \u00e0 l\u2019Afrique, en passant par l\u2019Asie et m\u00eame certains pays occidentaux, un consensus \u00e9merge : il est temps d\u2019agir pour reconna\u00eetre les droits du peuple palestinien.<\/p>\n<p>M\u00eame aux \u00c9tats-Unis et en Europe, o\u00f9 Isra\u00ebl jouissait historiquement d\u2019un soutien quasi-inconditionnel, une fracture s\u2019op\u00e8re, notamment parmi les jeunes g\u00e9n\u00e9rations. La d\u00e9nonciation des &#8220;politiques d\u2019apartheid&#8221; et de la &#8220;colonisation&#8221; isra\u00e9liennes devient une position dominante dans les milieux universitaires et progressistes.<\/p>\n<p><strong>La Palestine comme symbole de r\u00e9silience et de justice<\/strong><\/p>\n<p>Le peuple palestinien, \u00e0 travers sa r\u00e9silience, devient un symbole de justice dans le monde contemporain. Cette nouvelle \u00e8re est marqu\u00e9e par des applaudissements mondiaux pour leur courage face \u00e0 l\u2019oppression, tout comme le peuple juif a \u00e9t\u00e9 applaudi pour sa survie face \u00e0 l\u2019inhumanit\u00e9 de l\u2019Holocauste. Ce parall\u00e8le, aussi puissant qu\u2019inattendu, red\u00e9finit les contours du d\u00e9bat et place les Palestiniens au centre d\u2019une lutte universelle pour la dignit\u00e9 humaine.<\/p>\n<p><strong>Vers une reconfiguration de l\u2019histoire ?<\/strong><\/p>\n<p>Alors que les Palestiniens voient na\u00eetre une \u00e8re de soutien et de reconnaissance mondiale, Isra\u00ebl fait face \u00e0 une crise sans pr\u00e9c\u00e9dent de son image internationale. La brutalit\u00e9 de ses actions \u00e0 Gaza, diffus\u00e9e massivement sur les r\u00e9seaux sociaux, a mis en lumi\u00e8re une r\u00e9alit\u00e9 longtemps occult\u00e9e. D\u00e9sormais, Isra\u00ebl est per\u00e7u non plus comme une nation uniquement d\u00e9fensive, mais comme une puissance oppressive. Cette perception pourrait transformer durablement les rapports de force au niveau mondial.<\/p>\n<p>En conclusion, ces quinze mois de barbarie \u00e0 Gaza auront marqu\u00e9 la naissance d\u2019une nouvelle \u00e8re. Le peuple palestinien, comme le peuple juif apr\u00e8s la Seconde Guerre mondiale, entre dans une p\u00e9riode o\u00f9 sa lutte est reconnue, soutenue et c\u00e9l\u00e9br\u00e9e. Ce tournant mondial, port\u00e9 par une prise de conscience collective, pourrait bien \u00eatre le d\u00e9but d\u2019un espoir tangible pour une paix fond\u00e9e sur la justice et l\u2019\u00e9galit\u00e9. La Palestine ne lutte plus seule : elle incarne d\u00e9sormais une cause universelle.<\/p>\n<p><strong>Dr Ismail Sadegh<\/strong><\/p>\n<p><strong>Ancien ministre de l\u2019habitat<\/strong><\/p>\n<p><strong>Ex-secr\u00e9taire g\u00e9n\u00e9ral de l\u2019enseignement sup\u00e9rieur<\/strong><\/p>\n<p><strong>Ancien DG de l\u2019ENA<\/strong><\/p>\n","protected":false},"excerpt":{"rendered":"<p>Les quinze mois d\u2019offensive brutale men\u00e9s par Isra\u00ebl \u00e0 Gaza n\u2019ont pas seulement marqu\u00e9 une escalade de la violence : ils ont d\u00e9clench\u00e9 un bouleversement profond dans l\u2019opinion publique mondiale. Ces mois de barbarie ont mis en lumi\u00e8re l\u2019ampleur des souffrances du peuple palestinien, au point de red\u00e9finir le rapport des nations \u00e0 cette lutte &hellip;<\/p>\n","protected":false},"author":2,"featured_media":13564,"comment_status":"open","ping_status":"open","sticky":false,"template":"","format":"standard","meta":{"footnotes":""},"categories":[18,29,19],"tags":[],"class_list":["post-13563","post","type-post","status-publish","format-standard","has-post-thumbnail","hentry","category-actualites","category-monde","category-tribune"],"_links":{"self":[{"href":"https:\/\/ladepeche.mr\/index.php?rest_route=\/wp\/v2\/posts\/13563","targetHints":{"allow":["GET"]}}],"collection":[{"href":"https:\/\/ladepeche.mr\/index.php?rest_route=\/wp\/v2\/posts"}],"about":[{"href":"https:\/\/ladepeche.mr\/index.php?rest_route=\/wp\/v2\/types\/post"}],"author":[{"embeddable":true,"href":"https:\/\/ladepeche.mr\/index.php?rest_route=\/wp\/v2\/users\/2"}],"replies":[{"embeddable":true,"href":"https:\/\/ladepeche.mr\/index.php?rest_route=%2Fwp%2Fv2%2Fcomments&post=13563"}],"version-history":[{"count":4,"href":"https:\/\/ladepeche.mr\/index.php?rest_route=\/wp\/v2\/posts\/13563\/revisions"}],"predecessor-version":[{"id":13568,"href":"https:\/\/ladepeche.mr\/index.php?rest_route=\/wp\/v2\/posts\/13563\/revisions\/13568"}],"wp:featuredmedia":[{"embeddable":true,"href":"https:\/\/ladepeche.mr\/index.php?rest_route=\/wp\/v2\/media\/13564"}],"wp:attachment":[{"href":"https:\/\/ladepeche.mr\/index.php?rest_route=%2Fwp%2Fv2%2Fmedia&parent=13563"}],"wp:term":[{"taxonomy":"category","embeddable":true,"href":"https:\/\/ladepeche.mr\/index.php?rest_route=%2Fwp%2Fv2%2Fcategories&post=13563"},{"taxonomy":"post_tag","embeddable":true,"href":"https:\/\/ladepeche.mr\/index.php?rest_route=%2Fwp%2Fv2%2Ftags&post=13563"}],"curies":[{"name":"wp","href":"https:\/\/api.w.org\/{rel}","templated":true}]}}