{"id":13569,"date":"2025-01-21T16:22:24","date_gmt":"2025-01-21T16:22:24","guid":{"rendered":"https:\/\/ladepeche.mr\/?p=13569"},"modified":"2025-01-21T16:22:24","modified_gmt":"2025-01-21T16:22:24","slug":"le-president-de-la-republique-president-de-lunion-africaine-recoit-une-delegation-de-bp","status":"publish","type":"post","link":"https:\/\/ladepeche.mr\/?p=13569","title":{"rendered":"Le Pr\u00e9sident de la R\u00e9publique, Pr\u00e9sident de l\u2019Union Africaine re\u00e7oit une d\u00e9l\u00e9gation de BP"},"content":{"rendered":"<article id=\"post-263291\" class=\"post-263291 post type-post status-publish format-standard has-post-thumbnail  category-choix-du-redacteur category-9 category-fil-dactualite category-slider-afficher category-slider-economie single-post-content has-thumbnail\">\n<div class=\"entry-content clearfix single-post-content\">\n<div class=\"row\">\n<div class=\"cell auto-size\">\n<div class=\"set-border bd-gray padding10 margin10 no-margin-right no-margin-left \" dir=\"ltr\">\n<p>\u00a0M. Mohamed Ould Cheikh El Ghazouani, Pr\u00e9sident de la R\u00e9publique et Pr\u00e9sident de l\u2019Union Africaine, a re\u00e7u, lundi apr\u00e8s-midi, au Palais Pr\u00e9sidentiel, une d\u00e9l\u00e9gation de BP, conduite par M. Gordon Birrell, Vice Pr\u00e9sident Ex\u00e9cutif pour la Production et les Op\u00e9rations, et compos\u00e9e de<\/p>\n<p>M. Dave Campbell, Vice-Pr\u00e9sident en charge de la Mauritanie et du S\u00e9n\u00e9gal, et M. Mohamed Limam, Vice-Pr\u00e9sident en charge de la Mauritanie.<\/p>\n<p>La r\u00e9union a port\u00e9 sur les relations entre la Mauritanie et BP, le renforcement de la coop\u00e9ration et du partenariat entre la Mauritanie et le S\u00e9n\u00e9gal d\u2019une part, et la n\u00e9cessit\u00e9 d\u2019approfondir et d\u2019\u00e9largir cette coop\u00e9ration d\u2019autre part.<\/p>\n<p>L\u2019entretien s\u2019est d\u00e9roul\u00e9 en pr\u00e9sence de M. Nani Ould Chrougha, Ministre charg\u00e9 du cabinet du Pr\u00e9sident de la R\u00e9publique, SM. Mohamed Ould Khaled, Ministre de l\u2019Energie et du P\u00e9trole, et M. Birame Souleye Diop, Ministre de l\u2019Energie, du P\u00e9trole et des Mines du S\u00e9n\u00e9gal.<\/p>\n<\/div>\n<\/div>\n<\/div>\n<div class=\"heateorSssClear\"><\/div>\n<div class=\"heateor_sss_sharing_container heateor_sss_horizontal_sharing\" data-heateor-sss-href=\"https:\/\/ami.mr\/fr\/archives\/263291\">\n<div class=\"heateorSssClear\">Ami<\/div>\n<\/div>\n<\/div>\n<\/article>\n","protected":false},"excerpt":{"rendered":"<p>\u00a0M. Mohamed Ould Cheikh El Ghazouani, Pr\u00e9sident de la R\u00e9publique et Pr\u00e9sident de l\u2019Union Africaine, a re\u00e7u, lundi apr\u00e8s-midi, au Palais Pr\u00e9sidentiel, une d\u00e9l\u00e9gation de BP, conduite par M. Gordon Birrell, Vice Pr\u00e9sident Ex\u00e9cutif pour la Production et les Op\u00e9rations, et compos\u00e9e de M. Dave Campbell, Vice-Pr\u00e9sident en charge de la Mauritanie et du S\u00e9n\u00e9gal, &hellip;<\/p>\n","protected":false},"author":2,"featured_media":13570,"comment_status":"open","ping_status":"open","sticky":false,"template":"","format":"standard","meta":{"footnotes":""},"categories":[18,2],"tags":[],"class_list":["post-13569","post","type-post","status-publish","format-standard","has-post-thumbnail","hentry","category-actualites","category-economie"],"_links":{"self":[{"href":"https:\/\/ladepeche.mr\/index.php?rest_route=\/wp\/v2\/posts\/13569","targetHints":{"allow":["GET"]}}],"collection":[{"href":"https:\/\/ladepeche.mr\/index.php?rest_route=\/wp\/v2\/posts"}],"about":[{"href":"https:\/\/ladepeche.mr\/index.php?rest_route=\/wp\/v2\/types\/post"}],"author":[{"embeddable":true,"href":"https:\/\/ladepeche.mr\/index.php?rest_route=\/wp\/v2\/users\/2"}],"replies":[{"embeddable":true,"href":"https:\/\/ladepeche.mr\/index.php?rest_route=%2Fwp%2Fv2%2Fcomments&post=13569"}],"version-history":[{"count":1,"href":"https:\/\/ladepeche.mr\/index.php?rest_route=\/wp\/v2\/posts\/13569\/revisions"}],"predecessor-version":[{"id":13571,"href":"https:\/\/ladepeche.mr\/index.php?rest_route=\/wp\/v2\/posts\/13569\/revisions\/13571"}],"wp:featuredmedia":[{"embeddable":true,"href":"https:\/\/ladepeche.mr\/index.php?rest_route=\/wp\/v2\/media\/13570"}],"wp:attachment":[{"href":"https:\/\/ladepeche.mr\/index.php?rest_route=%2Fwp%2Fv2%2Fmedia&parent=13569"}],"wp:term":[{"taxonomy":"category","embeddable":true,"href":"https:\/\/ladepeche.mr\/index.php?rest_route=%2Fwp%2Fv2%2Fcategories&post=13569"},{"taxonomy":"post_tag","embeddable":true,"href":"https:\/\/ladepeche.mr\/index.php?rest_route=%2Fwp%2Fv2%2Ftags&post=13569"}],"curies":[{"name":"wp","href":"https:\/\/api.w.org\/{rel}","templated":true}]}}