{"id":13572,"date":"2025-01-21T16:46:29","date_gmt":"2025-01-21T16:46:29","guid":{"rendered":"https:\/\/ladepeche.mr\/?p=13572"},"modified":"2025-01-21T16:46:29","modified_gmt":"2025-01-21T16:46:29","slug":"mauritanie-la-fij-condamne-le-licenciement-du-president-de-lassociation-des-journalistes","status":"publish","type":"post","link":"https:\/\/ladepeche.mr\/?p=13572","title":{"rendered":"Mauritanie: la FIJ condamne le licenciement du Pr\u00e9sident de l\u2019Association des journalistes"},"content":{"rendered":"<div class=\"teaser-text\">\n<p><strong>Le Pr\u00e9sident de l\u2019Association des journalistes mauritaniens (AJM), Moussa Bouhli, a \u00e9t\u00e9 abusivement licenci\u00e9 de TVM, la t\u00e9l\u00e9vision et radio publique mauritanienne. La F\u00e9d\u00e9ration internationale des journalistes (FIJ) condamne une d\u00e9cision indigne et inique et soutient pleinement son confr\u00e8re, dont le licenciement a \u00e9t\u00e9 notifi\u00e9 par t\u00e9l\u00e9phone par la directrice g\u00e9n\u00e9rale de la cha\u00eene, sur ordre du ministre de la Communication.<\/strong><\/p>\n<\/div>\n<div class=\"news-img-wrap\">\n<div class=\"first-item\">\n<div class=\"outer\">\n<p class=\"text-justify\">En Mauritanie, les journalistes du service public audiovisuel sont dans le viseur du pouvoir.<\/p>\n<p class=\"text-justify\">En septembre dernier, \u00e0 Nouakchott, la FIJ participait au comit\u00e9 directeur de son groupe r\u00e9gional africain, la F\u00e9d\u00e9ration des journalistes africains (FAJ), et a \u00e9t\u00e9 inform\u00e9e que plus de 700 journalistes de l\u2019audiovisuel public, radio et t\u00e9l\u00e9vision travaillaient sans contrat ou avec des contrats pr\u00e9caires parfois depuis plus de 20 ans.<\/p>\n<p class=\"text-justify\">Une lettre de la FIJ a \u00e9t\u00e9 envoy\u00e9e au Pr\u00e9sident de la R\u00e9publique mauritanienne lui demandant de r\u00e9gulariser tous ces \u201cpigistes\u201d et de payer leurs arri\u00e9r\u00e9s. Le ministre de la Communication, Houssein Ould Medou, a alors \u00e9t\u00e9 charg\u00e9 par le Chef de l\u2019Etat de constituer une commission paritaire. Six mois apr\u00e8s, la commission n\u2019a toujours pas \u00e9t\u00e9 mise en place et pire encore, sur ordre du ministre, la directrice de TVM\u00a0<a href=\"https:\/\/pointschauds.info\/mauritanie-un-journaliste-de-la-tvm-limoge-au-nom-de-la-liberte-dexpression\/\" target=\"_blank\" rel=\"noopener noreferrer\"><u>a licenci\u00e9\u00a0<\/u><\/a>Moussa Boulhi, le pr\u00e9sident de l\u2019Association des journalistes mauritaniens, l\u2019un des d\u00e9fenseurs des 700 pigistes.<\/p>\n<p class=\"text-justify\">Anthony Bellanger, le secr\u00e9taire g\u00e9n\u00e9ral de la FIJ a d\u00e9clar\u00e9 :<strong>\u00a0\u201c<\/strong><strong><em>Au nom de\u00a0la FIJ, je condamne fermement ce licenciement et j\u2019appelle le ministre de la Communication, Houssein Ould Medou, \u00e0 reconsid\u00e9rer sa d\u00e9cision concernant Moussa Boulhi<\/em>,\u00a0<em>notre confr\u00e8re membre de la FIJ, et \u00e0 r\u00e9gulariser les 700 journalistes toujours sans contrat.&#8221;<\/em><\/strong><\/p>\n<p>https:\/\/www.ifj.org\/<\/p>\n<\/div>\n<\/div>\n<\/div>\n","protected":false},"excerpt":{"rendered":"<p>Le Pr\u00e9sident de l\u2019Association des journalistes mauritaniens (AJM), Moussa Bouhli, a \u00e9t\u00e9 abusivement licenci\u00e9 de TVM, la t\u00e9l\u00e9vision et radio publique mauritanienne. La F\u00e9d\u00e9ration internationale des journalistes (FIJ) condamne une d\u00e9cision indigne et inique et soutient pleinement son confr\u00e8re, dont le licenciement a \u00e9t\u00e9 notifi\u00e9 par t\u00e9l\u00e9phone par la directrice g\u00e9n\u00e9rale de la cha\u00eene, sur &hellip;<\/p>\n","protected":false},"author":2,"featured_media":13573,"comment_status":"open","ping_status":"open","sticky":false,"template":"","format":"standard","meta":{"footnotes":""},"categories":[18,31],"tags":[],"class_list":["post-13572","post","type-post","status-publish","format-standard","has-post-thumbnail","hentry","category-actualites","category-politique-et-reportages"],"_links":{"self":[{"href":"https:\/\/ladepeche.mr\/index.php?rest_route=\/wp\/v2\/posts\/13572","targetHints":{"allow":["GET"]}}],"collection":[{"href":"https:\/\/ladepeche.mr\/index.php?rest_route=\/wp\/v2\/posts"}],"about":[{"href":"https:\/\/ladepeche.mr\/index.php?rest_route=\/wp\/v2\/types\/post"}],"author":[{"embeddable":true,"href":"https:\/\/ladepeche.mr\/index.php?rest_route=\/wp\/v2\/users\/2"}],"replies":[{"embeddable":true,"href":"https:\/\/ladepeche.mr\/index.php?rest_route=%2Fwp%2Fv2%2Fcomments&post=13572"}],"version-history":[{"count":1,"href":"https:\/\/ladepeche.mr\/index.php?rest_route=\/wp\/v2\/posts\/13572\/revisions"}],"predecessor-version":[{"id":13574,"href":"https:\/\/ladepeche.mr\/index.php?rest_route=\/wp\/v2\/posts\/13572\/revisions\/13574"}],"wp:featuredmedia":[{"embeddable":true,"href":"https:\/\/ladepeche.mr\/index.php?rest_route=\/wp\/v2\/media\/13573"}],"wp:attachment":[{"href":"https:\/\/ladepeche.mr\/index.php?rest_route=%2Fwp%2Fv2%2Fmedia&parent=13572"}],"wp:term":[{"taxonomy":"category","embeddable":true,"href":"https:\/\/ladepeche.mr\/index.php?rest_route=%2Fwp%2Fv2%2Fcategories&post=13572"},{"taxonomy":"post_tag","embeddable":true,"href":"https:\/\/ladepeche.mr\/index.php?rest_route=%2Fwp%2Fv2%2Ftags&post=13572"}],"curies":[{"name":"wp","href":"https:\/\/api.w.org\/{rel}","templated":true}]}}