{"id":13588,"date":"2025-01-21T19:00:25","date_gmt":"2025-01-21T19:00:25","guid":{"rendered":"https:\/\/ladepeche.mr\/?p=13588"},"modified":"2025-01-21T18:39:01","modified_gmt":"2025-01-21T18:39:01","slug":"minusca-le-16eme-contingent-des-casques-bleus-mauritaniens-en-route-pour-la-centrafrique","status":"publish","type":"post","link":"https:\/\/ladepeche.mr\/?p=13588","title":{"rendered":"Minusca\u00a0: Le 16\u00e8me contingent des casques bleus mauritaniens en route pour la Centrafrique"},"content":{"rendered":"<p>Le 16\u00e8me contingent de la gendarmerie nationale a quitt\u00e9 le sol national mardi \u00e0 destination de la Centrafrique o\u00f9 il apporte un appui aux forces de la Mission multidimensionnelle int\u00e9gr\u00e9e des Nations Unies pour la stabilisation en R\u00e9publique centrafricaine (MINUSCA).<\/p>\n<p>Compos\u00e9 de 180 hommes, le contingent de nos casques bleus a \u00e9t\u00e9 salu\u00e9 \u00e0 son d\u00e9part par le ministre de la d\u00e9fense, des retrait\u00e9s et des fils de martyrs, Hanana Ould Sidi, accompagn\u00e9 du chef d\u2019\u00e9tat-major de la gendarmerie nationale, le g\u00e9n\u00e9ral de division Ahmed Mahmoud Ould Taya.<\/p>\n<p>A cette occasion, le commandant Mohamed Ould El Hafedh Ould Mahmoud, chef du Bureau des \u00e9tudes et des relations publiques cit\u00e9 par nos confr\u00e8res de l\u2019Ami a rappel\u00e9 la capacit\u00e9 de ce contingent \u00e0 s\u2019acquitter de sa mission et de repr\u00e9senter dignement notre pays.<\/p>\n<p>Notre contingent assistera, rappelle-t-on, les op\u00e9rations onusiennes de maintien de l\u2019ordre, de protection des personnes et des biens, de s\u00e9curisation et de protection des b\u00e2timents des organismes onusiens, des si\u00e8ges du gouvernement&#8230;<\/p>\n<p>La Mauritanie avait d\u00e9ploy\u00e9 dans le cadre de la Minusca, 750 gendarmes en 2016. Elle y a perdu son premier soldat en 2018, \u00e0 l\u2019issue d\u2019une embuscade tendue par des pr\u00e9sum\u00e9s anti-Balaka. Mais elle contribue r\u00e9guli\u00e8rement aux efforts de la Communaut\u00e9 internationale pour la paix en Centrafrique.<\/p>\n","protected":false},"excerpt":{"rendered":"<p>Le 16\u00e8me contingent de la gendarmerie nationale a quitt\u00e9 le sol national mardi \u00e0 destination de la Centrafrique o\u00f9 il apporte un appui aux forces de la Mission multidimensionnelle int\u00e9gr\u00e9e des Nations Unies pour la stabilisation en R\u00e9publique centrafricaine (MINUSCA). Compos\u00e9 de 180 hommes, le contingent de nos casques bleus a \u00e9t\u00e9 salu\u00e9 \u00e0 son &hellip;<\/p>\n","protected":false},"author":2,"featured_media":13589,"comment_status":"open","ping_status":"open","sticky":false,"template":"","format":"standard","meta":{"footnotes":""},"categories":[18,29],"tags":[],"class_list":["post-13588","post","type-post","status-publish","format-standard","has-post-thumbnail","hentry","category-actualites","category-monde"],"_links":{"self":[{"href":"https:\/\/ladepeche.mr\/index.php?rest_route=\/wp\/v2\/posts\/13588","targetHints":{"allow":["GET"]}}],"collection":[{"href":"https:\/\/ladepeche.mr\/index.php?rest_route=\/wp\/v2\/posts"}],"about":[{"href":"https:\/\/ladepeche.mr\/index.php?rest_route=\/wp\/v2\/types\/post"}],"author":[{"embeddable":true,"href":"https:\/\/ladepeche.mr\/index.php?rest_route=\/wp\/v2\/users\/2"}],"replies":[{"embeddable":true,"href":"https:\/\/ladepeche.mr\/index.php?rest_route=%2Fwp%2Fv2%2Fcomments&post=13588"}],"version-history":[{"count":1,"href":"https:\/\/ladepeche.mr\/index.php?rest_route=\/wp\/v2\/posts\/13588\/revisions"}],"predecessor-version":[{"id":13590,"href":"https:\/\/ladepeche.mr\/index.php?rest_route=\/wp\/v2\/posts\/13588\/revisions\/13590"}],"wp:featuredmedia":[{"embeddable":true,"href":"https:\/\/ladepeche.mr\/index.php?rest_route=\/wp\/v2\/media\/13589"}],"wp:attachment":[{"href":"https:\/\/ladepeche.mr\/index.php?rest_route=%2Fwp%2Fv2%2Fmedia&parent=13588"}],"wp:term":[{"taxonomy":"category","embeddable":true,"href":"https:\/\/ladepeche.mr\/index.php?rest_route=%2Fwp%2Fv2%2Fcategories&post=13588"},{"taxonomy":"post_tag","embeddable":true,"href":"https:\/\/ladepeche.mr\/index.php?rest_route=%2Fwp%2Fv2%2Ftags&post=13588"}],"curies":[{"name":"wp","href":"https:\/\/api.w.org\/{rel}","templated":true}]}}