{"id":13591,"date":"2025-01-21T19:26:31","date_gmt":"2025-01-21T19:26:31","guid":{"rendered":"https:\/\/ladepeche.mr\/?p=13591"},"modified":"2025-01-21T19:26:31","modified_gmt":"2025-01-21T19:26:31","slug":"le-ministre-de-leconomie-et-des-finances-recoit-une-delegation-de-kinross","status":"publish","type":"post","link":"https:\/\/ladepeche.mr\/?p=13591","title":{"rendered":"Le ministre de l&#8217;\u00c9conomie et des Finances re\u00e7oit une d\u00e9l\u00e9gation de Kinross"},"content":{"rendered":"<p>Son Excellence le ministre de l&#8217;\u00c9conomie et des Finances, M. Sid&#8217;Ahmed Ould Bouh, a re\u00e7u mardi dans son bureau une d\u00e9l\u00e9gation de la soci\u00e9t\u00e9 Kinross, compos\u00e9e de M. Ben Little, premier vice-pr\u00e9sident de la soci\u00e9t\u00e9-m\u00e8re charg\u00e9 des relations ext\u00e9rieures, et de M. Baba Ould Salehi, vice-pr\u00e9sident de Kinross Mauritanie en charge des relations ext\u00e9rieures.<\/p>\n<p>Les deux parties ont discut\u00e9 du partenariat qui lie la Mauritanie \u00e0 cette entreprise mini\u00e8re de premier plan.<\/p>\n<p>La rencontre s\u2019est d\u00e9roul\u00e9e en pr\u00e9sence de M. Mohamed Salem Ould Nani, directeur g\u00e9n\u00e9ral des Financements et de la Coop\u00e9ration \u00e9conomique.<\/p>\n<p>(MEF)<\/p>\n","protected":false},"excerpt":{"rendered":"<p>Son Excellence le ministre de l&#8217;\u00c9conomie et des Finances, M. Sid&#8217;Ahmed Ould Bouh, a re\u00e7u mardi dans son bureau une d\u00e9l\u00e9gation de la soci\u00e9t\u00e9 Kinross, compos\u00e9e de M. Ben Little, premier vice-pr\u00e9sident de la soci\u00e9t\u00e9-m\u00e8re charg\u00e9 des relations ext\u00e9rieures, et de M. Baba Ould Salehi, vice-pr\u00e9sident de Kinross Mauritanie en charge des relations ext\u00e9rieures. Les &hellip;<\/p>\n","protected":false},"author":2,"featured_media":13592,"comment_status":"open","ping_status":"open","sticky":false,"template":"","format":"standard","meta":{"footnotes":""},"categories":[18,2],"tags":[],"class_list":["post-13591","post","type-post","status-publish","format-standard","has-post-thumbnail","hentry","category-actualites","category-economie"],"_links":{"self":[{"href":"https:\/\/ladepeche.mr\/index.php?rest_route=\/wp\/v2\/posts\/13591","targetHints":{"allow":["GET"]}}],"collection":[{"href":"https:\/\/ladepeche.mr\/index.php?rest_route=\/wp\/v2\/posts"}],"about":[{"href":"https:\/\/ladepeche.mr\/index.php?rest_route=\/wp\/v2\/types\/post"}],"author":[{"embeddable":true,"href":"https:\/\/ladepeche.mr\/index.php?rest_route=\/wp\/v2\/users\/2"}],"replies":[{"embeddable":true,"href":"https:\/\/ladepeche.mr\/index.php?rest_route=%2Fwp%2Fv2%2Fcomments&post=13591"}],"version-history":[{"count":1,"href":"https:\/\/ladepeche.mr\/index.php?rest_route=\/wp\/v2\/posts\/13591\/revisions"}],"predecessor-version":[{"id":13593,"href":"https:\/\/ladepeche.mr\/index.php?rest_route=\/wp\/v2\/posts\/13591\/revisions\/13593"}],"wp:featuredmedia":[{"embeddable":true,"href":"https:\/\/ladepeche.mr\/index.php?rest_route=\/wp\/v2\/media\/13592"}],"wp:attachment":[{"href":"https:\/\/ladepeche.mr\/index.php?rest_route=%2Fwp%2Fv2%2Fmedia&parent=13591"}],"wp:term":[{"taxonomy":"category","embeddable":true,"href":"https:\/\/ladepeche.mr\/index.php?rest_route=%2Fwp%2Fv2%2Fcategories&post=13591"},{"taxonomy":"post_tag","embeddable":true,"href":"https:\/\/ladepeche.mr\/index.php?rest_route=%2Fwp%2Fv2%2Ftags&post=13591"}],"curies":[{"name":"wp","href":"https:\/\/api.w.org\/{rel}","templated":true}]}}