{"id":13595,"date":"2025-01-22T10:14:26","date_gmt":"2025-01-22T10:14:26","guid":{"rendered":"https:\/\/ladepeche.mr\/?p=13595"},"modified":"2025-01-22T10:17:53","modified_gmt":"2025-01-22T10:17:53","slug":"france-les-coupes-budgetaires-sur-laide-publique-au-developpement-destinees-aussi-a-sanctionner-lafrique","status":"publish","type":"post","link":"https:\/\/ladepeche.mr\/?p=13595","title":{"rendered":"France\u00a0: Les coupes budg\u00e9taires sur l\u2019aide publique au d\u00e9veloppement destin\u00e9es (aussi) \u00e0 sanctionner l\u2019Afrique\u00a0?"},"content":{"rendered":"<p>Emp\u00eatr\u00e9 dans d\u2019inextricables probl\u00e8mes politiques depuis les derni\u00e8res \u00e9lections l\u00e9gislatives et europ\u00e9ennes, le gouvernement fran\u00e7ais tenterait-il, en r\u00e9duisant l\u2019APD, d\u2019infliger une correction \u00e0 une Afrique devenue \u00ab\u00a0insaisissable\u00a0\u00bb\u00a0?<\/p>\n<p>La France fait d\u2019une pierre, deux coups, dans le d\u00e9bat qui fait rage sur son budget 2025. En r\u00e9duisant l\u2019aide publique au d\u00e9veloppement dans son nouveau projet de budget 2025, elle dit vouloir r\u00e9duire ses d\u00e9penses. M\u00eame si elle ne le clame pas tout haut, elle tente aussi de \u00ab\u00a0laver l\u2019affront\u00a0\u00bb que lui a fait une partie de l\u2019Afrique, devenue \u00ab\u00a0insaisissable\u00a0\u00bb, et avec laquelle les relations sont diplomatiquement ex\u00e9crables. La volont\u00e9 de faire payer \u00e0 l\u2019Afrique son \u00ab\u00a0arrogance\u00a0\u00bb transparait dans une coupe \u00e0 la hache sur le budget qui lui \u00e9tait jusqu\u2019ici allou\u00e9. Le s\u00e9nateur Rachid Temal ne croyait pas si bien dire quand il soutenait: \u00ab<em>\u00a0On ne peut pas accepter qu&#8217;un budget qui repr\u00e9sente 1% du budget global repr\u00e9sente dans le m\u00eame temps 10% des \u00e9conomies.<\/em>\u00bb<\/p>\n<p><strong>Plus de carotte, rien que le b\u00e2ton\u00a0!<\/strong><\/p>\n<p>Le programme 209 \u00ab Solidarit\u00e9 \u00e0 l\u2019\u00e9gard des pays en d\u00e9veloppement \u00bb g\u00e9r\u00e9 par le minist\u00e8re de l\u2019Europe et des Affaires \u00e9trang\u00e8res, n\u00e9 de la loi sur d\u00e9veloppement solidaire promulgu\u00e9e en ao\u00fbt 2021, est la pierre angulaire du syst\u00e8me de la coop\u00e9ration pour le d\u00e9veloppement et la solidarit\u00e9 internationale. La France avait, dans ce m\u00eame \u00e9lan, souscrit, une premi\u00e8re fois, \u00e0 consacrer, \u00e0 l\u2019instar des pays d\u00e9velopp\u00e9s, 0,7 % de son revenu national \u00e0 l\u2019APD en 2025. Mais non seulement cet objectif avait d\u00e9j\u00e0 ajourn\u00e9 en 2023 mais elle se retrouve aujourd\u2019hui \u00e0 piocher dans ce registre pour se serrer la ceinture. Le gouvernement fran\u00e7ais se renie en faisant le jeu de l&#8217;extr\u00eame droite et sacrifie le pays des Lumi\u00e8res \u00e0 l\u2019autel d\u2019une crise politique interne qui va encore entacher davantage son image en Afrique.<\/p>\n<p>Pour l\u2019Afrique, le coup de massue est \u00e9norme. Car, la cure d\u2019amaigrissement financi\u00e8re est propos\u00e9e \u00e0 pr\u00e8s de 4 milliards d\u2019euros soit le tiers de l\u2019APD pr\u00e9vue \u00e0 13 Milliards. Le gouvernement Fran\u00e7ois Bayrou propose le double de la proposition du gouvernement d\u00e9chu de Michel Barnier du 10 octobre 2024. Mais l\u2019Afrique s\u2019en remettra certainement.<\/p>\n<p>Le projet de budget devant lequel butait le gouvernement fran\u00e7ais pour sa Loi de Finance 2025 pr\u00e9sente des incoh\u00e9rences notoires qui, sans doute, vont encore affecter le programme de l\u2019AFD sur le Continent en mati\u00e8re d\u2019\u00e9ducation, de sant\u00e9 et de lutte contre la migration.<\/p>\n<p>JD<\/p>\n","protected":false},"excerpt":{"rendered":"<p>Emp\u00eatr\u00e9 dans d\u2019inextricables probl\u00e8mes politiques depuis les derni\u00e8res \u00e9lections l\u00e9gislatives et europ\u00e9ennes, le gouvernement fran\u00e7ais tenterait-il, en r\u00e9duisant l\u2019APD, d\u2019infliger une correction \u00e0 une Afrique devenue \u00ab\u00a0insaisissable\u00a0\u00bb\u00a0? La France fait d\u2019une pierre, deux coups, dans le d\u00e9bat qui fait rage sur son budget 2025. En r\u00e9duisant l\u2019aide publique au d\u00e9veloppement dans son nouveau projet de &hellip;<\/p>\n","protected":false},"author":2,"featured_media":13596,"comment_status":"open","ping_status":"open","sticky":false,"template":"","format":"standard","meta":{"footnotes":""},"categories":[18,2,29,28],"tags":[],"class_list":["post-13595","post","type-post","status-publish","format-standard","has-post-thumbnail","hentry","category-actualites","category-economie","category-monde","category-sahel"],"_links":{"self":[{"href":"https:\/\/ladepeche.mr\/index.php?rest_route=\/wp\/v2\/posts\/13595","targetHints":{"allow":["GET"]}}],"collection":[{"href":"https:\/\/ladepeche.mr\/index.php?rest_route=\/wp\/v2\/posts"}],"about":[{"href":"https:\/\/ladepeche.mr\/index.php?rest_route=\/wp\/v2\/types\/post"}],"author":[{"embeddable":true,"href":"https:\/\/ladepeche.mr\/index.php?rest_route=\/wp\/v2\/users\/2"}],"replies":[{"embeddable":true,"href":"https:\/\/ladepeche.mr\/index.php?rest_route=%2Fwp%2Fv2%2Fcomments&post=13595"}],"version-history":[{"count":2,"href":"https:\/\/ladepeche.mr\/index.php?rest_route=\/wp\/v2\/posts\/13595\/revisions"}],"predecessor-version":[{"id":13598,"href":"https:\/\/ladepeche.mr\/index.php?rest_route=\/wp\/v2\/posts\/13595\/revisions\/13598"}],"wp:featuredmedia":[{"embeddable":true,"href":"https:\/\/ladepeche.mr\/index.php?rest_route=\/wp\/v2\/media\/13596"}],"wp:attachment":[{"href":"https:\/\/ladepeche.mr\/index.php?rest_route=%2Fwp%2Fv2%2Fmedia&parent=13595"}],"wp:term":[{"taxonomy":"category","embeddable":true,"href":"https:\/\/ladepeche.mr\/index.php?rest_route=%2Fwp%2Fv2%2Fcategories&post=13595"},{"taxonomy":"post_tag","embeddable":true,"href":"https:\/\/ladepeche.mr\/index.php?rest_route=%2Fwp%2Fv2%2Ftags&post=13595"}],"curies":[{"name":"wp","href":"https:\/\/api.w.org\/{rel}","templated":true}]}}