{"id":13601,"date":"2025-01-23T16:24:16","date_gmt":"2025-01-23T16:24:16","guid":{"rendered":"https:\/\/ladepeche.mr\/?p=13601"},"modified":"2025-01-23T17:05:38","modified_gmt":"2025-01-23T17:05:38","slug":"petrole-et-gaz-les-medias-invites-a-voir-au-dela-de-la-partie-visible-de-liceberg","status":"publish","type":"post","link":"https:\/\/ladepeche.mr\/?p=13601","title":{"rendered":"P\u00e9trole et Gaz\u00a0: Les m\u00e9dias invit\u00e9s \u00e0 voir au-del\u00e0 de la partie visible de l&#8217;iceberg!"},"content":{"rendered":"<p>Lundi, 20 janvier 2025, \u00e0 l&#8217;h\u00f4tel FASQ, presque au m\u00eame moment o\u00f9 le Pr\u00e9sident de la R\u00e9publique, Mohamed Ould Ghazouani, recevait le vice-pr\u00e9sident de Bp, \u00a0Gordon Birrell, accompagn\u00e9 de Dave Campbell, Vice-Pr\u00e9sident en charge de la Mauritanie et du S\u00e9n\u00e9gal, et Mohamed Limam, Vice-Pr\u00e9sident en charge de la Mauritanie, s\u2019ouvrait un atelier de formation regroupant une dizaine de journalistes de la presse publique et priv\u00e9e. Une formation d\u2019une journ\u00e9e seulement mais une journ\u00e9e bien remplie et qui donne acc\u00e8s \u00e0 une mine d\u2019informations sur les enjeux \u00e9conomiques, sociaux et environnementaux de l\u2019exploration et exploitation des ressources hydrocarbures.<\/p>\n<p>La formation intervient \u00e9galement au lendemain de l\u2019annonce des premiers essais de production en date du 31 d\u00e9cembre 2024 sur le site du projet GTA.<\/p>\n<p>L&#8217;objectif initial de cet atelier de formation des journalistes est de les familiariser avec \u201cle processus d\u2019exploration p\u00e9tro-gazi\u00e8re, les crit\u00e8res permettant de d\u00e9cider d\u2019un investissement, les \u00e9tapes d\u2019un projet de construction des \u0153uvres d\u2019exploitation et enfin de leur donner les outils pour appr\u00e9cier la dur\u00e9e du d\u00e9veloppement d\u2019un champ\u201d.<\/p>\n<p>Une br\u00e8ve pr\u00e9sentation des phases de d\u00e9veloppements du GTA et des objectifs nourris de l\u2019atelier, a \u00e9t\u00e9 notamment \u00e9t\u00e9 faite par le directeur pour la Mauritanie, Mohamed Limam Mohamedou.<\/p>\n<p>Mais la formation \u00e9t\u00e9 dispens\u00e9e par Philipppe Martinez, Dg de IFP Middle East. Elle donne quelque peu la mesure du processus, en amont, de l&#8217;exploitation gazi\u00e8re elle-m\u00eame et des risques d\u2019investissements associ\u00e9s. P. Martinez, 35 ans dans les m\u00e9tiers d\u2019ing\u00e9nieries, de construction et de services para-p\u00e9troliers, en France, au Moyen Orient, en Grande Bretagne et en Afrique, sait -face \u00e0 tous les enjeux- de quoi il parle car les efforts pendant cette p\u00e9riode ne sont pas toujours bien connus du grand public.<\/p>\n<div id='gallery-1' class='gallery galleryid-13601 gallery-columns-4 gallery-size-thumbnail'><figure class='gallery-item'>\n\t\t\t<div class='gallery-icon landscape'>\n\t\t\t\t<a href='https:\/\/ladepeche.mr\/?attachment_id=13605'><img loading=\"lazy\" decoding=\"async\" width=\"150\" height=\"150\" src=\"https:\/\/ladepeche.mr\/wp-content\/uploads\/2025\/01\/20250120_095158-150x150.jpg\" class=\"attachment-thumbnail size-thumbnail\" alt=\"\" \/><\/a>\n\t\t\t<\/div><\/figure><figure class='gallery-item'>\n\t\t\t<div class='gallery-icon landscape'>\n\t\t\t\t<a href='https:\/\/ladepeche.mr\/?attachment_id=13606'><img loading=\"lazy\" decoding=\"async\" width=\"150\" height=\"150\" src=\"https:\/\/ladepeche.mr\/wp-content\/uploads\/2025\/01\/20250120_095556-150x150.jpg\" class=\"attachment-thumbnail size-thumbnail\" alt=\"\" \/><\/a>\n\t\t\t<\/div><\/figure><figure class='gallery-item'>\n\t\t\t<div class='gallery-icon landscape'>\n\t\t\t\t<a href='https:\/\/ladepeche.mr\/?attachment_id=13607'><img loading=\"lazy\" decoding=\"async\" width=\"150\" height=\"150\" src=\"https:\/\/ladepeche.mr\/wp-content\/uploads\/2025\/01\/20250120_111046-150x150.jpg\" class=\"attachment-thumbnail size-thumbnail\" alt=\"\" \/><\/a>\n\t\t\t<\/div><\/figure><figure class='gallery-item'>\n\t\t\t<div class='gallery-icon portrait'>\n\t\t\t\t<a href='https:\/\/ladepeche.mr\/?attachment_id=13608'><img loading=\"lazy\" decoding=\"async\" width=\"150\" height=\"150\" src=\"https:\/\/ladepeche.mr\/wp-content\/uploads\/2025\/01\/20250120_105134-150x150.jpg\" class=\"attachment-thumbnail size-thumbnail\" alt=\"\" \/><\/a>\n\t\t\t<\/div><\/figure>\n\t\t<\/div>\n\n<p>Les d\u00e9bats sur les hydrocarbures, les comparaisons \u00e9nerg\u00e9tiques, sur les contraintes de la manipulation, la chaine p\u00e9troli\u00e8re, gazi\u00e8re ou GNL, l\u2019exploration, la g\u00e9ologie, la sismique ou encore les co\u00fbts. Tout est pass\u00e9 en revue pour montrer les gros investissements n\u00e9cessaires pour mettre en \u00e9vidence les ressources cach\u00e9es dans les entrailles de la terre. Le timing imparti pour l\u2019atelier se r\u00e9v\u00e9lera insuffisants pour ces \u00e9changes int\u00e9ressants finiront en apoth\u00e9ose sur les m\u00e9canismes du march\u00e9 hydrocarbure et sur l\u2019\u00e9ventualit\u00e9 de la transition \u00e9nerg\u00e9tique.<\/p>\n<p>La formation a, sans doute, suscit\u00e9 l&#8217;engouement des journalistes dans leur souci de mieux appr\u00e9hender toutes les probl\u00e9matiques des hydrocarbures. Mais encore faudrait-il penser \u00e0 des visites des installations afin qu&#8217;ils voient de leurs propres yeux l&#8217;environnement de l&#8217;exploitation des ressources nationales du pays.<\/p>\n<p>&nbsp;<\/p>\n<p>&nbsp;<\/p>\n","protected":false},"excerpt":{"rendered":"<p>Lundi, 20 janvier 2025, \u00e0 l&#8217;h\u00f4tel FASQ, presque au m\u00eame moment o\u00f9 le Pr\u00e9sident de la R\u00e9publique, Mohamed Ould Ghazouani, recevait le vice-pr\u00e9sident de Bp, \u00a0Gordon Birrell, accompagn\u00e9 de Dave Campbell, Vice-Pr\u00e9sident en charge de la Mauritanie et du S\u00e9n\u00e9gal, et Mohamed Limam, Vice-Pr\u00e9sident en charge de la Mauritanie, s\u2019ouvrait un atelier de formation regroupant &hellip;<\/p>\n","protected":false},"author":2,"featured_media":13607,"comment_status":"open","ping_status":"open","sticky":false,"template":"","format":"standard","meta":{"footnotes":""},"categories":[18,2],"tags":[],"class_list":["post-13601","post","type-post","status-publish","format-standard","has-post-thumbnail","hentry","category-actualites","category-economie"],"_links":{"self":[{"href":"https:\/\/ladepeche.mr\/index.php?rest_route=\/wp\/v2\/posts\/13601","targetHints":{"allow":["GET"]}}],"collection":[{"href":"https:\/\/ladepeche.mr\/index.php?rest_route=\/wp\/v2\/posts"}],"about":[{"href":"https:\/\/ladepeche.mr\/index.php?rest_route=\/wp\/v2\/types\/post"}],"author":[{"embeddable":true,"href":"https:\/\/ladepeche.mr\/index.php?rest_route=\/wp\/v2\/users\/2"}],"replies":[{"embeddable":true,"href":"https:\/\/ladepeche.mr\/index.php?rest_route=%2Fwp%2Fv2%2Fcomments&post=13601"}],"version-history":[{"count":4,"href":"https:\/\/ladepeche.mr\/index.php?rest_route=\/wp\/v2\/posts\/13601\/revisions"}],"predecessor-version":[{"id":13610,"href":"https:\/\/ladepeche.mr\/index.php?rest_route=\/wp\/v2\/posts\/13601\/revisions\/13610"}],"wp:featuredmedia":[{"embeddable":true,"href":"https:\/\/ladepeche.mr\/index.php?rest_route=\/wp\/v2\/media\/13607"}],"wp:attachment":[{"href":"https:\/\/ladepeche.mr\/index.php?rest_route=%2Fwp%2Fv2%2Fmedia&parent=13601"}],"wp:term":[{"taxonomy":"category","embeddable":true,"href":"https:\/\/ladepeche.mr\/index.php?rest_route=%2Fwp%2Fv2%2Fcategories&post=13601"},{"taxonomy":"post_tag","embeddable":true,"href":"https:\/\/ladepeche.mr\/index.php?rest_route=%2Fwp%2Fv2%2Ftags&post=13601"}],"curies":[{"name":"wp","href":"https:\/\/api.w.org\/{rel}","templated":true}]}}