{"id":13611,"date":"2025-01-23T19:00:52","date_gmt":"2025-01-23T19:00:52","guid":{"rendered":"https:\/\/ladepeche.mr\/?p=13611"},"modified":"2025-01-23T18:56:46","modified_gmt":"2025-01-23T18:56:46","slug":"can-maroc-2025-le-compte-a-rebours-a-commence","status":"publish","type":"post","link":"https:\/\/ladepeche.mr\/?p=13611","title":{"rendered":"CAN Maroc 2025 : le compte \u00e0 rebours a commenc\u00e9"},"content":{"rendered":"<div dir=\"ltr\" style=\"text-align: left;\">\u00ab Le choix du Maroc en tant que pays h\u00f4te de la CAN n&#8217;est pas une surprise \u00bb selon la CAF \u00ab \u00e9tant donn\u00e9 son exp\u00e9rience av\u00e9r\u00e9e dans l&#8217;organisation de comp\u00e9titions de football internationales\u00bb, \u00e9crit la CAF dans un communiqu\u00e9 publi\u00e9 sur son site officiel, rappelant dans ce sens le succ\u00e8s du Royaume \u00e0 organiser le Championnat d&#8217;Afrique des Nations des joueurs locaux (CHAN-2018), la CAN f\u00e9minine 2022 et la Coupe du Monde des Clubs de la FIFA 2023.<\/div>\n<div dir=\"ltr\"><\/div>\n<div dir=\"ltr\">\u00ab Gr\u00e2ce \u00e0 des infrastructures de niveau international, un public passionn\u00e9 et une exp\u00e9rience reconnue dans l&#8217;accueil de grands \u00e9v\u00e9nements sportifs, le Maroc est pr\u00eat \u00e0 organiser une CAN qui va red\u00e9finir les normes de cette comp\u00e9tition \u00bb, lit-on dans le communiqu\u00e9, rappelant que l&#8217;annonce du choix du Maroc comme pays h\u00f4te de la CAN-2025, le 27 septembre 2023, a \u00e9t\u00e9 accueillie avec \u00ab enthousiasme \u00bb.<\/div>\n<div dir=\"ltr\"><\/div>\n<div dir=\"ltr\">La Conf\u00e9d\u00e9ration africaine de football a \u00e9galement pass\u00e9 en revue les installations sportives d&#8217;envergure dont dispose le Royaume, \u00e0 l&#8217;image du Complexe sportif Mohammed V \u00e0 Casablanca, du Complexe Prince Moulay Abdellah \u00e0 Rabat, des Grands stades de Tanger, Agadir et Marrakech en plus du complexe sportif de F\u00e8s.<\/div>\n<div dir=\"ltr\">Le coup d&#8217;envoi de la comp\u00e9tition est pr\u00e9vu le 21 d\u00e9cembre 2025, tandis que la finale aura lieu le 18 janvier 2026.<\/div>\n<div dir=\"ltr\"><\/div>\n<div dir=\"ltr\">Le tirage au sort de la phase de poules aura lieu le lundi 27 janvier &#8211; 19h \u00e0 Rabat.<\/div>\n","protected":false},"excerpt":{"rendered":"<p>\u00ab Le choix du Maroc en tant que pays h\u00f4te de la CAN n&#8217;est pas une surprise \u00bb selon la CAF \u00ab \u00e9tant donn\u00e9 son exp\u00e9rience av\u00e9r\u00e9e dans l&#8217;organisation de comp\u00e9titions de football internationales\u00bb, \u00e9crit la CAF dans un communiqu\u00e9 publi\u00e9 sur son site officiel, rappelant dans ce sens le succ\u00e8s du Royaume \u00e0 organiser &hellip;<\/p>\n","protected":false},"author":2,"featured_media":13612,"comment_status":"open","ping_status":"open","sticky":false,"template":"","format":"standard","meta":{"footnotes":""},"categories":[18,29,17],"tags":[],"class_list":["post-13611","post","type-post","status-publish","format-standard","has-post-thumbnail","hentry","category-actualites","category-monde","category-sports"],"_links":{"self":[{"href":"https:\/\/ladepeche.mr\/index.php?rest_route=\/wp\/v2\/posts\/13611","targetHints":{"allow":["GET"]}}],"collection":[{"href":"https:\/\/ladepeche.mr\/index.php?rest_route=\/wp\/v2\/posts"}],"about":[{"href":"https:\/\/ladepeche.mr\/index.php?rest_route=\/wp\/v2\/types\/post"}],"author":[{"embeddable":true,"href":"https:\/\/ladepeche.mr\/index.php?rest_route=\/wp\/v2\/users\/2"}],"replies":[{"embeddable":true,"href":"https:\/\/ladepeche.mr\/index.php?rest_route=%2Fwp%2Fv2%2Fcomments&post=13611"}],"version-history":[{"count":1,"href":"https:\/\/ladepeche.mr\/index.php?rest_route=\/wp\/v2\/posts\/13611\/revisions"}],"predecessor-version":[{"id":13613,"href":"https:\/\/ladepeche.mr\/index.php?rest_route=\/wp\/v2\/posts\/13611\/revisions\/13613"}],"wp:featuredmedia":[{"embeddable":true,"href":"https:\/\/ladepeche.mr\/index.php?rest_route=\/wp\/v2\/media\/13612"}],"wp:attachment":[{"href":"https:\/\/ladepeche.mr\/index.php?rest_route=%2Fwp%2Fv2%2Fmedia&parent=13611"}],"wp:term":[{"taxonomy":"category","embeddable":true,"href":"https:\/\/ladepeche.mr\/index.php?rest_route=%2Fwp%2Fv2%2Fcategories&post=13611"},{"taxonomy":"post_tag","embeddable":true,"href":"https:\/\/ladepeche.mr\/index.php?rest_route=%2Fwp%2Fv2%2Ftags&post=13611"}],"curies":[{"name":"wp","href":"https:\/\/api.w.org\/{rel}","templated":true}]}}