{"id":13620,"date":"2025-01-23T19:36:39","date_gmt":"2025-01-23T19:36:39","guid":{"rendered":"https:\/\/ladepeche.mr\/?p=13620"},"modified":"2025-01-23T19:37:34","modified_gmt":"2025-01-23T19:37:34","slug":"organisation-dun-forum-sur-lartisanat","status":"publish","type":"post","link":"https:\/\/ladepeche.mr\/?p=13620","title":{"rendered":"Organisation d\u2019un forum sur l\u2019artisanat"},"content":{"rendered":"<p>Le ministre de la formation professionnelle, de l\u2019artisanat et des m\u00e9tiers, M. Mohamed Maalainine Ould Eyih, en pr\u00e9sence du ministre de la culture, des arts, de la communication, des relations avec le parlement et porte-parole du gouvernement, M. El Houssein Ould Medou, a pr\u00e9sid\u00e9, jeudi, \u00e0 Nouakchott, l\u2019ouverture d\u2019un forum sur l\u2019artisanat.<\/p>\n<p>Ce forum de trois jours permettra de lancer une encyclop\u00e9die de l\u2019artisanat, de pr\u00e9senter le plan national pour son d\u00e9veloppement et d\u2019\u00e9changer les points de vue sur la r\u00e9vision de son cadre juridique et institutionnel.<\/p>\n<p>Dans un discours prononc\u00e9 \u00e0 cette occasion, le ministre de la formation professionnelle, de l\u2019artisanat et des m\u00e9tiers a expliqu\u00e9 que ce forum est une occasion pour les personnes int\u00e9ress\u00e9es par le secteur professionnel de discuter de tous les sujets li\u00e9s \u00e0 l\u2019artisanat et aux m\u00e9tiers.<\/p>\n<p>Les rencontres qui seront organis\u00e9s durant ces journ\u00e9es aborderont l\u2019importance de l\u2019artisanat dans la pr\u00e9servation du patrimoine et son r\u00f4le dans l\u2019ouverture de nouveaux horizons pour en faire un moteur \u00e9conomique comp\u00e9titif et un contributeur efficace au d\u00e9veloppement du pays, a-t-il pr\u00e9cis\u00e9.<\/p>\n<p>Le forum permettra d\u2019approfondir la discussion et la consultation sur trois domaines cl\u00e9s du travail du secteur : un plan d\u2019activation de la strat\u00e9gie de l\u2019artisanat et des m\u00e9tiers, le lancement d\u2019une encyclop\u00e9die nationale pour cette industrie, et le d\u00e9veloppement d\u2019un cadre l\u00e9gislatif et r\u00e9glementaire, a-t-il dit.<\/p>\n<p>Il a soulign\u00e9 que l\u2019encyclop\u00e9die sera un conservateur du patrimoine national et des comp\u00e9tences qui y sont associ\u00e9es, et servira de r\u00e9f\u00e9rence et de point de d\u00e9part pour son d\u00e9veloppement en adoptant de nouvelles approches.<\/p>\n<p>Le ministre et la d\u00e9l\u00e9gation qui l\u2019accompagnait ont visit\u00e9 l\u2019exposition organis\u00e9e dans le cadre du forum, qui pr\u00e9sentait une s\u00e9rie de photos et de peintures de diff\u00e9rents types d\u2019industries et d\u2019artisanats traditionnels.<\/p>\n<p>Le forum a \u00e9t\u00e9 inaugur\u00e9 en pr\u00e9sence du secr\u00e9taire g\u00e9n\u00e9ral du minist\u00e8re, du pr\u00e9sident du M\u00e9canisme national de pr\u00e9vention de la torture et d\u2019un certain nombre de responsables sectoriels et d\u2019acteurs dans le domaine de l\u2019artisanat.<\/p>\n<p>Ami<\/p>\n","protected":false},"excerpt":{"rendered":"<p>Le ministre de la formation professionnelle, de l\u2019artisanat et des m\u00e9tiers, M. Mohamed Maalainine Ould Eyih, en pr\u00e9sence du ministre de la culture, des arts, de la communication, des relations avec le parlement et porte-parole du gouvernement, M. El Houssein Ould Medou, a pr\u00e9sid\u00e9, jeudi, \u00e0 Nouakchott, l\u2019ouverture d\u2019un forum sur l\u2019artisanat. Ce forum de &hellip;<\/p>\n","protected":false},"author":2,"featured_media":13621,"comment_status":"open","ping_status":"open","sticky":false,"template":"","format":"standard","meta":{"footnotes":""},"categories":[18,15],"tags":[],"class_list":["post-13620","post","type-post","status-publish","format-standard","has-post-thumbnail","hentry","category-actualites","category-culture"],"_links":{"self":[{"href":"https:\/\/ladepeche.mr\/index.php?rest_route=\/wp\/v2\/posts\/13620","targetHints":{"allow":["GET"]}}],"collection":[{"href":"https:\/\/ladepeche.mr\/index.php?rest_route=\/wp\/v2\/posts"}],"about":[{"href":"https:\/\/ladepeche.mr\/index.php?rest_route=\/wp\/v2\/types\/post"}],"author":[{"embeddable":true,"href":"https:\/\/ladepeche.mr\/index.php?rest_route=\/wp\/v2\/users\/2"}],"replies":[{"embeddable":true,"href":"https:\/\/ladepeche.mr\/index.php?rest_route=%2Fwp%2Fv2%2Fcomments&post=13620"}],"version-history":[{"count":1,"href":"https:\/\/ladepeche.mr\/index.php?rest_route=\/wp\/v2\/posts\/13620\/revisions"}],"predecessor-version":[{"id":13622,"href":"https:\/\/ladepeche.mr\/index.php?rest_route=\/wp\/v2\/posts\/13620\/revisions\/13622"}],"wp:featuredmedia":[{"embeddable":true,"href":"https:\/\/ladepeche.mr\/index.php?rest_route=\/wp\/v2\/media\/13621"}],"wp:attachment":[{"href":"https:\/\/ladepeche.mr\/index.php?rest_route=%2Fwp%2Fv2%2Fmedia&parent=13620"}],"wp:term":[{"taxonomy":"category","embeddable":true,"href":"https:\/\/ladepeche.mr\/index.php?rest_route=%2Fwp%2Fv2%2Fcategories&post=13620"},{"taxonomy":"post_tag","embeddable":true,"href":"https:\/\/ladepeche.mr\/index.php?rest_route=%2Fwp%2Fv2%2Ftags&post=13620"}],"curies":[{"name":"wp","href":"https:\/\/api.w.org\/{rel}","templated":true}]}}