{"id":13623,"date":"2025-01-23T20:10:46","date_gmt":"2025-01-23T20:10:46","guid":{"rendered":"https:\/\/ladepeche.mr\/?p=13623"},"modified":"2025-01-23T20:15:56","modified_gmt":"2025-01-23T20:15:56","slug":"conseil-des-ministres-le-premier-ministre-presente-une-declaration-sur-le-bilan-de-lactivite-du-gouvernement-en-2024-et-les-grandes-lignes-du-plan-daction-pour-lannee-2025","status":"publish","type":"post","link":"https:\/\/ladepeche.mr\/?p=13623","title":{"rendered":"CDM: Le Premier ministre pr\u00e9sente une d\u00e9claration sur le bilan de l\u2019activit\u00e9 du gouvernement en 2024 et les grandes lignes du plan d\u2019action pour l\u2019ann\u00e9e 2025"},"content":{"rendered":"<p>Le Conseil des Ministres s\u2019est r\u00e9uni le jeudi 23 janvier 2025, sous la Pr\u00e9sidence de Son Excellence Monsieur Mohamed Ould Cheikh El-Ghazouani, Pr\u00e9sident de la R\u00e9publique.<\/p>\n<p>Le Conseil a examin\u00e9 et approuv\u00e9 les deux projets de lois suivants :<\/p>\n<p>\u2010 Projet de loi autorisant la ratification du Contrat Programme pour l\u2019entretien du r\u00e9seau routier national n\u00b0 09 entre l\u2019Etat Mauritanien et l\u2019Etablissement des Travaux de l\u2019Entretien Routier (ETER) pour la p\u00e9riode 2025-2027.<\/p>\n<p>Ce projet de loi a pour objectif de faire approuver un Contrat Programme enti\u00e8rement financ\u00e9 par l\u2019Etat, pour un montant total de 1,8 milliard d\u2019ouguiyas sur trois ans, au titre duquel l\u2019Etablissement des Travaux d\u2019Entretien Routier (ETER) r\u00e9alisera les t\u00e2ches suivantes :<\/p>\n<p>\u2022 Le d\u00e9sensablement des routes.<\/p>\n<p>\u2022 L\u2019entretien courant et p\u00e9riodique.<\/p>\n<p>\u2022 Les interventions d\u2019urgence.<\/p>\n<p>\u2022 La mise en place de bases routi\u00e8res dans l\u2019int\u00e9rieur du pays pour une d\u00e9concentration des activit\u00e9s.<\/p>\n<p>Ce contrat comprend \u00e9galement certaines am\u00e9liorations, notamment le test de nouvelles technologies pour lutter contre l\u2019ensablement, l\u2019am\u00e9lioration de l\u2019utilisation des ressources allou\u00e9es en modifiant les modalit\u00e9s de paiement des travaux de construction en b\u00e9ton et l\u2019augmentation du budget destin\u00e9 \u00e0 l\u2019entretien p\u00e9riodique.<\/p>\n<p>\u2010 Projet de loi autorisant la ratification du Contrat Programme pour l\u2019Entretien des Voiries Urbaines (COPREVU) n\u00b0 05 entre l\u2019Etat Mauritanien et l\u2019Etablissement des Travaux de l\u2019Entretien Routier (ETER) pour la p\u00e9riode 2025-2027.<\/p>\n<p>Ce projet de loi a pour objectif de mettre en place le cadre juridique n\u00e9cessaire \u00e0 la politique de p\u00e9rennisation du patrimoine routier, en vue d\u2019assurer la continuit\u00e9 des travaux d\u2019entretien des voiries urbaines, pour la totalit\u00e9 du r\u00e9seau confi\u00e9 \u00e0 l\u2019ETER, selon les r\u00e8gles de l\u2019art et dans le respect strict des d\u00e9lais impartis. Dans ce cadre et conform\u00e9ment aux dispositions du contrat, l\u2019ETER devra assurer de mani\u00e8re continue :<\/p>\n<p>\u2022 Le nettoyage des axes pav\u00e9s.<\/p>\n<p>\u2022 Le d\u00e9sensablement des voies.<\/p>\n<p>\u2022 L\u2019entretien urgent, courant et p\u00e9riodique.<\/p>\n<p>Le financement de ce programme, estim\u00e9 \u00e0 600 millions MRU sur trois ans, sera enti\u00e8rement pris en charge par l\u2019Etat.<\/p>\n<p>Le Conseil a \u00e9galement examin\u00e9 et adopt\u00e9 les projets de d\u00e9crets suivants :<\/p>\n<p>\u2010 Projet de d\u00e9cret portant nomination du Pr\u00e9sident et des membres du Conseil d\u2019Administration de l\u2019Institut P\u00e9dagogique National (IPN).<\/p>\n<p>\u2010 Projet de d\u00e9cret portant nomination des membres du Conseil d\u2019Administration de l\u2019Ecole Normale Sup\u00e9rieure (ENS).<\/p>\n<p>\u2010 Projet de d\u00e9cret abrogeant et rempla\u00e7ant le d\u00e9cret n\u00b0 2023-049 du 17 f\u00e9vrier 2023 fixant les taxes et redevances mini\u00e8res.<\/p>\n<p>Ce projet de d\u00e9cret a pour vocation de r\u00e9pondre aux d\u00e9fis structurels auxquels fait face le secteur minier, notamment la sp\u00e9culation, le manque de transparence et les difficult\u00e9s de gouvernance. En mettant en \u0153uvre des mesures adapt\u00e9es et coh\u00e9rentes avec la nouvelle structuration gouvernementale, ce d\u00e9cret constituera un outil de r\u00e9gulation efficace, garantissant un d\u00e9veloppement inclusif et responsable du secteur minier.<\/p>\n<p>\u2010 Projet de d\u00e9cret portant nomination du Pr\u00e9sident et des membres du Conseil d\u2019Administration de l\u2019Ecole Nationale de Formation et de Vulgarisation Agricole (ENFVA).<\/p>\n<p>\u2010 Projet de d\u00e9cret portant nomination du Pr\u00e9sident et des membres du Conseil d\u2019Administration de l\u2019Office National de Recherches et de D\u00e9veloppement de l\u2019Elevage et du Pastoralisme (ONARDEP).<\/p>\n<p>\u2010 Projet de d\u00e9cret portant nomination du Pr\u00e9sident et des membres du Conseil d\u2019Administration de la Soci\u00e9t\u00e9 Chaine El Ousra.<\/p>\n<p>Le Premier Ministre a pr\u00e9sent\u00e9 une communication relative au bilan de l\u2019action gouvernementale durant l\u2019exercice 2024 et les grandes lignes de son plan d\u2019action pour l\u2019ann\u00e9e 2025.<\/p>\n<p>Cette communication qui fera l\u2019objet d\u2019un rapport du Premier Ministre devant l\u2019Assembl\u00e9e Nationale en application de l\u2019article 73 de la Constitution, est structur\u00e9e autour des cinq axes du Programme \u00e9lectoral \u00abMon ambition pour la Patrie \u00bb de SEM le Pr\u00e9sident de la R\u00e9publique Mohamed Ould Cheikh El Ghazouani, \u00e0 savoir :<\/p>\n<p>\u2013 B\u00e2tir un \u00c9tat de droit et des institutions fortes, avec une bonne gouvernance moderne.<\/p>\n<p>\u2013 Construire une \u00e9conomie performante, r\u00e9siliente et \u00e9co-durable.<\/p>\n<p>\u2013 Promouvoir un capital humain bien form\u00e9 et qualifi\u00e9, en particulier parmi les jeunes.<\/p>\n<p>\u2013 R\u00e9unir les conditions d\u2019une unit\u00e9 nationale solide et d\u2019une int\u00e9gration sociale compl\u00e9mentaire.<\/p>\n<p>\u2013 Assurer la s\u00e9curit\u00e9 et la stabilit\u00e9 de notre pays et renforcer sa pr\u00e9sence et son r\u00f4le r\u00e9gional et international.<\/p>\n<p>Le Ministre des Affaires Etrang\u00e8res, de la Coop\u00e9ration Africaine et des Mauritaniens de l\u2019Ext\u00e9rieur, a pr\u00e9sent\u00e9 une communication relative \u00e0 la situation internationale.<\/p>\n<p>Le Ministre D\u00e9l\u00e9gu\u00e9 aupr\u00e8s du Ministre de l\u2019Int\u00e9rieur, de la Promotion de la D\u00e9centralisation et du D\u00e9veloppement Local, charg\u00e9 de la D\u00e9centralisation et du D\u00e9veloppement Local, a pr\u00e9sent\u00e9 une communication relative \u00e0 la situation int\u00e9rieure.<\/p>\n<p>Ami<\/p>\n<p>Titre modifi\u00e9 par LDM<\/p>\n","protected":false},"excerpt":{"rendered":"<p>Le Conseil des Ministres s\u2019est r\u00e9uni le jeudi 23 janvier 2025, sous la Pr\u00e9sidence de Son Excellence Monsieur Mohamed Ould Cheikh El-Ghazouani, Pr\u00e9sident de la R\u00e9publique. Le Conseil a examin\u00e9 et approuv\u00e9 les deux projets de lois suivants : \u2010 Projet de loi autorisant la ratification du Contrat Programme pour l\u2019entretien du r\u00e9seau routier national &hellip;<\/p>\n","protected":false},"author":2,"featured_media":13624,"comment_status":"open","ping_status":"open","sticky":false,"template":"","format":"standard","meta":{"footnotes":""},"categories":[18],"tags":[],"class_list":["post-13623","post","type-post","status-publish","format-standard","has-post-thumbnail","hentry","category-actualites"],"_links":{"self":[{"href":"https:\/\/ladepeche.mr\/index.php?rest_route=\/wp\/v2\/posts\/13623","targetHints":{"allow":["GET"]}}],"collection":[{"href":"https:\/\/ladepeche.mr\/index.php?rest_route=\/wp\/v2\/posts"}],"about":[{"href":"https:\/\/ladepeche.mr\/index.php?rest_route=\/wp\/v2\/types\/post"}],"author":[{"embeddable":true,"href":"https:\/\/ladepeche.mr\/index.php?rest_route=\/wp\/v2\/users\/2"}],"replies":[{"embeddable":true,"href":"https:\/\/ladepeche.mr\/index.php?rest_route=%2Fwp%2Fv2%2Fcomments&post=13623"}],"version-history":[{"count":2,"href":"https:\/\/ladepeche.mr\/index.php?rest_route=\/wp\/v2\/posts\/13623\/revisions"}],"predecessor-version":[{"id":13626,"href":"https:\/\/ladepeche.mr\/index.php?rest_route=\/wp\/v2\/posts\/13623\/revisions\/13626"}],"wp:featuredmedia":[{"embeddable":true,"href":"https:\/\/ladepeche.mr\/index.php?rest_route=\/wp\/v2\/media\/13624"}],"wp:attachment":[{"href":"https:\/\/ladepeche.mr\/index.php?rest_route=%2Fwp%2Fv2%2Fmedia&parent=13623"}],"wp:term":[{"taxonomy":"category","embeddable":true,"href":"https:\/\/ladepeche.mr\/index.php?rest_route=%2Fwp%2Fv2%2Fcategories&post=13623"},{"taxonomy":"post_tag","embeddable":true,"href":"https:\/\/ladepeche.mr\/index.php?rest_route=%2Fwp%2Fv2%2Ftags&post=13623"}],"curies":[{"name":"wp","href":"https:\/\/api.w.org\/{rel}","templated":true}]}}