{"id":13630,"date":"2025-01-24T11:08:36","date_gmt":"2025-01-24T11:08:36","guid":{"rendered":"https:\/\/ladepeche.mr\/?p=13630"},"modified":"2025-01-24T11:26:24","modified_gmt":"2025-01-24T11:26:24","slug":"enquete-accord-aaipa-et-gg-group-parties-visibles-de-la-dubai-holding","status":"publish","type":"post","link":"https:\/\/ladepeche.mr\/?p=13630","title":{"rendered":"Agriculture\/Enqu\u00eate: Accord AAIDA et GG Group, parties visibles de la Dubai holding?"},"content":{"rendered":"<p>On en sait un peu plus sur les circonstances de la signature, jeudi dernier, d\u2019un accord de partenariat pour le montage du projet entre l\u2019Autorit\u00e9 arabe pour l\u2019investissement et le d\u00e9veloppement agricole (AAIDA) et le GG Group, un groupe international, indien de renom, propri\u00e9taire de la Soci\u00e9t\u00e9 Arabe des Services Agricoles en Mauritanie.<\/p>\n<p>La r\u00e9alit\u00e9 serait que le Sheikh Mohamed Ben Rached Al Maktoum, \u00e9mir de Dubai, propri\u00e9taire \u00e0 concurrence de 99% de la Dubai Holding JG Group, miserait sur un projet agricole en Mauritanie en partenariat avec la Soci\u00e9t\u00e9 Arabe des Services Agricoles en Mauritanie, juridiquement de droit mauritanien, inscrite au nom du GG Group, dirig\u00e9 par l&#8217;indien Rajesh Jain. L&#8217;accord de partenariat ambitionnerait, la production de l\u00e9gumes et du bl\u00e9 destin\u00e9s \u00e0 l\u2019exportation.<\/p>\n<p>C\u2019est le sens de la supervision jeudi de la signature de l&#8217;accord par le ministre de l\u2019\u00c9conomie et des Finances, Sid\u2019Ahmed Ould Bouh. Une signature ex\u00e9cut\u00e9e dans l\u2019urgence. Le d\u00e9partement n\u2019en avait \u00e9t\u00e9 inform\u00e9e qu\u2019\u00e0 la derni\u00e8re minute.<\/p>\n<p>Dans la r\u00e9alit\u00e9, on n&#8217;en est\u00a0 qu&#8217;\u00e0 une premi\u00e8re phase d&#8217;un projet \u00e0 rebondissements.\u00a0 En effet, le m\u00eame projet remonterait \u00e0 2005 sous la forme d&#8217;un contrat bail de 500 usd\/ha sur une superficie de 3200 ha.<\/p>\n<p>Les autorit\u00e9s entendraient, peut-\u00eatre, exorciser, cette fois-ci, les soubresauts enregistr\u00e9s lors de la signature d&#8217;un m\u00e9morandum d&#8217;entente sign\u00e9 encore en 2015, pour la m\u00eame superficie au profit de la soci\u00e9t\u00e9 arabe des services agricoles.<\/p>\n<p>Un m\u00e9morandum qui, \u00e0 l&#8217;\u00e9poque, avait \u00e9t\u00e9 pr\u00e9sent\u00e9 comme un accaparement des terres par les populations de la vall\u00e9e notamment celles de Dar El Barka et Ould Birom\u00a0 arguant que la carte du domaine pr\u00e9sent\u00e9e spoliait leurs terres. Ce qui a eu pour cons\u00e9quence, en 2021, l\u2019annonce officielle par Ousmane Mamadou Kane, alors ministre des Affaires \u00e9conomiques et de la promotion des secteurs productifs, de la d\u00e9nonciation pure et simple par l\u2019Etat mauritanien de la convention sign\u00e9e avec AAAID.<\/p>\n<p>S&#8217;agirait-il d&#8217;un nouveau chapitre dans ce processus de concessions domaniales dans le domaine agricole qui n&#8217;aboutit que pour \u00eatre encore remis en cause?<\/p>\n<p>La Mauritanie qui lutte toujours pour sa s\u00e9curit\u00e9 alimentaire dispose d\u2019un potentiel de terres cultivables d&#8217;environ 513.000 ha dont 135.000 ha dans la seule vall\u00e9e du fleuve S\u00e9n\u00e9gal. Tous ces espaces arables ne sont pas mis en valeur en raison de l\u2019opposition d\u2019une possession imm\u00e9moriale des terres dans cette r\u00e9gion. Un imbroglio juridique qui, \u00e0 force d\u2019interpr\u00e9tations parfois contradictoires, cr\u00e9e un climat d\u00e9l\u00e9t\u00e8re.<\/p>\n<p>Nous y reviendrons<\/p>\n","protected":false},"excerpt":{"rendered":"<p>On en sait un peu plus sur les circonstances de la signature, jeudi dernier, d\u2019un accord de partenariat pour le montage du projet entre l\u2019Autorit\u00e9 arabe pour l\u2019investissement et le d\u00e9veloppement agricole (AAIDA) et le GG Group, un groupe international, indien de renom, propri\u00e9taire de la Soci\u00e9t\u00e9 Arabe des Services Agricoles en Mauritanie. La r\u00e9alit\u00e9 &hellip;<\/p>\n","protected":false},"author":2,"featured_media":13631,"comment_status":"open","ping_status":"open","sticky":false,"template":"","format":"standard","meta":{"footnotes":""},"categories":[18,2],"tags":[],"class_list":["post-13630","post","type-post","status-publish","format-standard","has-post-thumbnail","hentry","category-actualites","category-economie"],"_links":{"self":[{"href":"https:\/\/ladepeche.mr\/index.php?rest_route=\/wp\/v2\/posts\/13630","targetHints":{"allow":["GET"]}}],"collection":[{"href":"https:\/\/ladepeche.mr\/index.php?rest_route=\/wp\/v2\/posts"}],"about":[{"href":"https:\/\/ladepeche.mr\/index.php?rest_route=\/wp\/v2\/types\/post"}],"author":[{"embeddable":true,"href":"https:\/\/ladepeche.mr\/index.php?rest_route=\/wp\/v2\/users\/2"}],"replies":[{"embeddable":true,"href":"https:\/\/ladepeche.mr\/index.php?rest_route=%2Fwp%2Fv2%2Fcomments&post=13630"}],"version-history":[{"count":4,"href":"https:\/\/ladepeche.mr\/index.php?rest_route=\/wp\/v2\/posts\/13630\/revisions"}],"predecessor-version":[{"id":13635,"href":"https:\/\/ladepeche.mr\/index.php?rest_route=\/wp\/v2\/posts\/13630\/revisions\/13635"}],"wp:featuredmedia":[{"embeddable":true,"href":"https:\/\/ladepeche.mr\/index.php?rest_route=\/wp\/v2\/media\/13631"}],"wp:attachment":[{"href":"https:\/\/ladepeche.mr\/index.php?rest_route=%2Fwp%2Fv2%2Fmedia&parent=13630"}],"wp:term":[{"taxonomy":"category","embeddable":true,"href":"https:\/\/ladepeche.mr\/index.php?rest_route=%2Fwp%2Fv2%2Fcategories&post=13630"},{"taxonomy":"post_tag","embeddable":true,"href":"https:\/\/ladepeche.mr\/index.php?rest_route=%2Fwp%2Fv2%2Ftags&post=13630"}],"curies":[{"name":"wp","href":"https:\/\/api.w.org\/{rel}","templated":true}]}}