{"id":13650,"date":"2025-01-27T10:59:34","date_gmt":"2025-01-27T10:59:34","guid":{"rendered":"https:\/\/ladepeche.mr\/?p=13650"},"modified":"2025-01-27T10:59:34","modified_gmt":"2025-01-27T10:59:34","slug":"mauritanie-encore-la-persecution-dun-leader-antiesclavagiste","status":"publish","type":"post","link":"https:\/\/ladepeche.mr\/?p=13650","title":{"rendered":"MAURITANIE : Encore, la pers\u00e9cution d\u2019un leader antiesclavagiste"},"content":{"rendered":"<p><u>Note d\u2019information, janvier 2025<\/u><\/p>\n<ol>\n<li>Quelques mois apr\u00e8s son limogeage de la fonction publique et une d\u00e9tention de quelques semaines, l\u2019ancien inspecteur des finances, Ahmed Samba Abdellahi revient en prison, au grief d\u2019un d\u00e9lit d\u2019opinion. R\u00e9dacteur d\u2019une publication sur Facebook en date du 15 janvier, il d\u00e9nonce, comme des centaines d\u2019opposants et de blogueurs, l\u2019impunit\u00e9 de la corruption et les discriminations \u00e0 l\u2019endroit des descendants d\u2019esclaves (Hratine)\u00a0: <a href=\"https:\/\/www.facebook.com\/share\/p\/18Fxve9zCG\/\">https:\/\/www.facebook.com\/share\/p\/18Fxve9zCG\/<\/a><\/li>\n<li>D\u00e8s le lendemain, il sera interpel\u00e9, par la gendarmerie nationale, \u00e0 domicile. Maintenu au secret, sa famille et son avocat n\u2019ont pu lui rendre visite, jusqu\u2019\u00e0 l\u2019ex\u00e9cution du mandat de d\u00e9p\u00f4t, le 22 du m\u00eame mois, \u00e0 la prison civile de Nouakchott, capitale de la Mauritanie. L\u2019\u00e9tablissement carc\u00e9ral accueille, en priorit\u00e9, des d\u00e9linquants et r\u00e9cidivistes de droit commun.<\/li>\n<li>A ce jour, aucune inculpation p\u00e9nale n\u2019est oppos\u00e9e au susdit. A l\u2019occasion de sa premi\u00e8re arrestation en octobre pass\u00e9, nous r\u00e9sumions les circonstances de l\u2019acharnement qui le vise, au m\u00eame titre que de nombreux autres dissidents et activistes promoteurs de la dignit\u00e9 de la personne\u00a0: \u00ab\u00a0<em>Durant la derni\u00e8re semaine du mois de septembre 2024, des audios attribu\u00e9s \u00e0 Ahmed Ould Samba, circulent sur les plateformes de messagerie instantan\u00e9e. L\u2019auteur s\u2019y livre \u00e0 une critique en r\u00e8gle de la gouvernance du moment, notamment du point de vue des in\u00e9galit\u00e9s au sein de la fonction publique, dysfonctionnement d\u00fb, selon lui, \u00e0 la banalisation des privil\u00e8ges de naissance\u00a0\u00bb\u00a0<\/em>: <a href=\"https:\/\/cridem.org\/C_Info.php?article=778590\">https:\/\/cridem.org\/C_Info.php?article=778590<\/a><\/li>\n<li>Le substrat du litige n\u2019a pas vari\u00e9 depuis, sa substance \u00e9tant consubstantielle \u00e0 l\u2019h\u00e9g\u00e9monie ethnique. Quoique la r\u00e9alit\u00e9 du pouvoir y atteste d\u2019un quasi-monopole des tribus arabo-berb\u00e8res sur l\u2019Etat, l\u2019\u00e9conomie, les forces de s\u00e9curit\u00e9, la justice et la religion, la d\u00e9nonciation du racisme et de l\u2019esclavage en Mauritanie rel\u00e8ve, de facto, selon les autorit\u00e9s du pays, de l\u2019appel \u00e0 la haine, d\u2019o\u00f9 la r\u00e9currence des actes d\u2019intimidation contre les d\u00e9fenseurs de la citoyennet\u00e9 pour tous.<\/li>\n<li>Le harc\u00e8lement dont est victime Ahmed Samba Abdellahi proc\u00e8de de la volont\u00e9, au sommet de l\u2019Ex\u00e9cutif, de briser la revendication du renouveau d\u00e9mocratique et de retarder l\u2019av\u00e8nement d\u2019une gouvernance par la redevabilit\u00e9 et la reddition des comptes. Le ch\u00e2timent \u00e0 lui inflig\u00e9 rec\u00e8le la vertu p\u00e9dagogique de la dissuasion. Il s\u2019agit, ici, de d\u00e9courager l\u2019\u00e9veil des consciences, du moins de le maintenir \u00e0 un niveau supportable-tol\u00e9rable, selon les crit\u00e8res du syst\u00e8me de domination.<\/li>\n<li><strong>6<\/strong>. Le d\u00e9tenu risque de succomber aux mauvais traitements et \u00e0 l\u2019isolement, sans exclure l\u2019atteinte \u00e0 son int\u00e9grit\u00e9 physique, de la part de d\u00e9linquants sous le coup d\u2019une peine de r\u00e9clusion criminelle. Son int\u00e9grit\u00e9 est en danger, dans un contexte de bavures raciales.<\/li>\n<\/ol>\n<p>&nbsp;<\/p>\n<p>Initiative de r\u00e9surgence abolitionniste en Mauritanie (Ira-M)<\/p>\n<p>Lanceurs d\u2019alerte associ\u00e9s (Laa)<\/p>\n","protected":false},"excerpt":{"rendered":"<p>Note d\u2019information, janvier 2025 Quelques mois apr\u00e8s son limogeage de la fonction publique et une d\u00e9tention de quelques semaines, l\u2019ancien inspecteur des finances, Ahmed Samba Abdellahi revient en prison, au grief d\u2019un d\u00e9lit d\u2019opinion. R\u00e9dacteur d\u2019une publication sur Facebook en date du 15 janvier, il d\u00e9nonce, comme des centaines d\u2019opposants et de blogueurs, l\u2019impunit\u00e9 de &hellip;<\/p>\n","protected":false},"author":2,"featured_media":11754,"comment_status":"open","ping_status":"open","sticky":false,"template":"","format":"standard","meta":{"footnotes":""},"categories":[18,19],"tags":[],"class_list":["post-13650","post","type-post","status-publish","format-standard","has-post-thumbnail","hentry","category-actualites","category-tribune"],"_links":{"self":[{"href":"https:\/\/ladepeche.mr\/index.php?rest_route=\/wp\/v2\/posts\/13650","targetHints":{"allow":["GET"]}}],"collection":[{"href":"https:\/\/ladepeche.mr\/index.php?rest_route=\/wp\/v2\/posts"}],"about":[{"href":"https:\/\/ladepeche.mr\/index.php?rest_route=\/wp\/v2\/types\/post"}],"author":[{"embeddable":true,"href":"https:\/\/ladepeche.mr\/index.php?rest_route=\/wp\/v2\/users\/2"}],"replies":[{"embeddable":true,"href":"https:\/\/ladepeche.mr\/index.php?rest_route=%2Fwp%2Fv2%2Fcomments&post=13650"}],"version-history":[{"count":1,"href":"https:\/\/ladepeche.mr\/index.php?rest_route=\/wp\/v2\/posts\/13650\/revisions"}],"predecessor-version":[{"id":13651,"href":"https:\/\/ladepeche.mr\/index.php?rest_route=\/wp\/v2\/posts\/13650\/revisions\/13651"}],"wp:featuredmedia":[{"embeddable":true,"href":"https:\/\/ladepeche.mr\/index.php?rest_route=\/wp\/v2\/media\/11754"}],"wp:attachment":[{"href":"https:\/\/ladepeche.mr\/index.php?rest_route=%2Fwp%2Fv2%2Fmedia&parent=13650"}],"wp:term":[{"taxonomy":"category","embeddable":true,"href":"https:\/\/ladepeche.mr\/index.php?rest_route=%2Fwp%2Fv2%2Fcategories&post=13650"},{"taxonomy":"post_tag","embeddable":true,"href":"https:\/\/ladepeche.mr\/index.php?rest_route=%2Fwp%2Fv2%2Ftags&post=13650"}],"curies":[{"name":"wp","href":"https:\/\/api.w.org\/{rel}","templated":true}]}}