{"id":13652,"date":"2025-01-27T12:17:00","date_gmt":"2025-01-27T12:17:00","guid":{"rendered":"https:\/\/ladepeche.mr\/?p=13652"},"modified":"2025-01-27T12:20:24","modified_gmt":"2025-01-27T12:20:24","slug":"partenariat-lue-rappelle-la-base-de-sa-cooperation-renforcee-avec-la-mauritanie","status":"publish","type":"post","link":"https:\/\/ladepeche.mr\/?p=13652","title":{"rendered":"Partenariat\u00a0: L\u2019Ue rappelle la base de sa coop\u00e9ration \u00abrenforc\u00e9e\u00a0\u00bb avec la Mauritanie"},"content":{"rendered":"<p>\u00ab La solidarit\u00e9, la responsabilit\u00e9 partag\u00e9e et le respect des droits humains fondamentaux \u00bb sont la toile de fonds du partenariat avec la Mauritanie en mati\u00e8re de migration rappelle l\u2019Ue, lundi, sur sa page FB, citant la d\u00e9claration conjointe de mars 2024 .<\/p>\n<p>Un dialogue annuel entre la RIM et l\u2019UE, dont la 2\u00e8me session s\u2019est tenue le 21 janvier 2025, est pr\u00e9vu dans le cadre de cet accord de partenariat qui repose sur 5 piliers \u00e0 savoir :<\/p>\n<ol>\n<li>Cr\u00e9ation de perspectives d&#8217;emploi pour la jeunesse en Mauritanie<\/li>\n<li>Protection et asile pour ceux qui ont besoin d\u2019une aide urgente<\/li>\n<li>Promotion de la migration l\u00e9gale en encourageant la mobilit\u00e9 et les d\u00e9placements r\u00e9guliers<\/li>\n<li>Renforcement de la coop\u00e9ration pour pr\u00e9venir la migration irr\u00e9guli\u00e8re<\/li>\n<li>Renforcement de la gestion des fronti\u00e8res pour assurer la s\u00e9curit\u00e9 et la stabilit\u00e9<\/li>\n<\/ol>\n<p>L\u2019Ue s\u2019\u00e9tait engag\u00e9e \u00e0 apporter \u00e0 la Mauritanie, dans le cadre de cet accord sur la migration, 210 M\u20ac d\u2019appui suppl\u00e9mentaires dont un d\u00e9caissement 23M\u20ac sur 100 M\u20ac, premi\u00e8re tranche de l\u2019appui budg\u00e9taire effectif.<\/p>\n<p>L\u2019Ue \u00e9voque dans ce cadre une relation de \u00ab\u00a0confiance entre la Mauritanie et l\u2019UE\u00a0\u00bb.<\/p>\n<p>A noter \u00e9galement que le royaume d\u2019Espagne a offert, en d\u00e9cembre 2024, cinquante opportunit\u00e9s d\u2019emplois r\u00e9guliers comme ouvriers agricoles \u00e0 des mauritaniens \u00e2g\u00e9s entre 25 et 50 ans.<\/p>\n","protected":false},"excerpt":{"rendered":"<p>\u00ab La solidarit\u00e9, la responsabilit\u00e9 partag\u00e9e et le respect des droits humains fondamentaux \u00bb sont la toile de fonds du partenariat avec la Mauritanie en mati\u00e8re de migration rappelle l\u2019Ue, lundi, sur sa page FB, citant la d\u00e9claration conjointe de mars 2024 . Un dialogue annuel entre la RIM et l\u2019UE, dont la 2\u00e8me session &hellip;<\/p>\n","protected":false},"author":2,"featured_media":13653,"comment_status":"open","ping_status":"open","sticky":false,"template":"","format":"standard","meta":{"footnotes":""},"categories":[18,29],"tags":[],"class_list":["post-13652","post","type-post","status-publish","format-standard","has-post-thumbnail","hentry","category-actualites","category-monde"],"_links":{"self":[{"href":"https:\/\/ladepeche.mr\/index.php?rest_route=\/wp\/v2\/posts\/13652","targetHints":{"allow":["GET"]}}],"collection":[{"href":"https:\/\/ladepeche.mr\/index.php?rest_route=\/wp\/v2\/posts"}],"about":[{"href":"https:\/\/ladepeche.mr\/index.php?rest_route=\/wp\/v2\/types\/post"}],"author":[{"embeddable":true,"href":"https:\/\/ladepeche.mr\/index.php?rest_route=\/wp\/v2\/users\/2"}],"replies":[{"embeddable":true,"href":"https:\/\/ladepeche.mr\/index.php?rest_route=%2Fwp%2Fv2%2Fcomments&post=13652"}],"version-history":[{"count":3,"href":"https:\/\/ladepeche.mr\/index.php?rest_route=\/wp\/v2\/posts\/13652\/revisions"}],"predecessor-version":[{"id":13656,"href":"https:\/\/ladepeche.mr\/index.php?rest_route=\/wp\/v2\/posts\/13652\/revisions\/13656"}],"wp:featuredmedia":[{"embeddable":true,"href":"https:\/\/ladepeche.mr\/index.php?rest_route=\/wp\/v2\/media\/13653"}],"wp:attachment":[{"href":"https:\/\/ladepeche.mr\/index.php?rest_route=%2Fwp%2Fv2%2Fmedia&parent=13652"}],"wp:term":[{"taxonomy":"category","embeddable":true,"href":"https:\/\/ladepeche.mr\/index.php?rest_route=%2Fwp%2Fv2%2Fcategories&post=13652"},{"taxonomy":"post_tag","embeddable":true,"href":"https:\/\/ladepeche.mr\/index.php?rest_route=%2Fwp%2Fv2%2Ftags&post=13652"}],"curies":[{"name":"wp","href":"https:\/\/api.w.org\/{rel}","templated":true}]}}