{"id":13657,"date":"2025-01-27T12:56:28","date_gmt":"2025-01-27T12:56:28","guid":{"rendered":"https:\/\/ladepeche.mr\/?p=13657"},"modified":"2025-01-27T12:56:28","modified_gmt":"2025-01-27T12:56:28","slug":"maroc-projet-dattentat-terroriste-a-lexplosif-dejoue-par-le-bureau-central-dinvestigations-judiciaires-bcij","status":"publish","type":"post","link":"https:\/\/ladepeche.mr\/?p=13657","title":{"rendered":"Maroc- Projet d\u2019attentat terroriste \u00e0 l\u2019explosif d\u00e9jou\u00e9 par le Bureau Central d\u2019Investigations Judiciaires (BCIJ)"},"content":{"rendered":"<p>Rabat &#8211; Sur la base de renseignements pr\u00e9cis fournis par les services de la Direction G\u00e9n\u00e9rale de la Surveillance du Territoire (DGST), le Bureau Central d\u2019Investigations Judiciaires (BCIJ) a mis en \u00e9chec, aux premi\u00e8res heures de dimanche dernier, un plan terroriste imminent qui \u00e9tait en phase de pr\u00e9paration pour l\u2019ex\u00e9cution d\u2019attentats \u00e0 l\u2019explosif.<\/p>\n<p>Les op\u00e9rations d\u2019intervention men\u00e9es par l\u2019Unit\u00e9 des forces sp\u00e9ciales de la DGST, avec le soutien des commissaires et les officiers du BCIJ et en collaboration sur le terrain avec la brigade a\u00e9rienne et du Centre Judiciaire de la Gendarmerie Royale, ont abouti \u00e0 l\u2019interpellation de quatre \u00e9l\u00e9ments extr\u00e9mistes, dont trois fr\u00e8res, affili\u00e9s \u00e0 l\u2019organisation terroriste Daech\u201d, \u00e2g\u00e9s de 26, 29, 31 et 35 ans, qui s\u2019activaient dans la r\u00e9gion de Had Soualem dans la province de Berrechid, indique un communiqu\u00e9 du BCIJ.<\/p>\n<p>Cette op\u00e9ration s\u00e9curitaire a \u00e9t\u00e9 men\u00e9e au niveau de deux endroits diff\u00e9rents, \u00e0 savoir deux maisons situ\u00e9es dans les lotissements Al Omrane et Al Amal au quartier Al Wahda dans la r\u00e9gion de Had Soualem, avec la participation de techniciens de d\u00e9tection d\u2019explosifs, d\u2019\u00e9l\u00e9ments de la brigade cynotechnique qui comprend des chiens dress\u00e9s sp\u00e9cialis\u00e9s dans la d\u00e9tection d\u2019engins explosifs, ainsi que d\u2019un h\u00e9licopt\u00e8re de la Gendarmerie Royale qui a ratiss\u00e9 les zones d\u2019intervention, avec \u00e0 son bord des tireurs d\u2019\u00e9lite de la force sp\u00e9ciale de la DGST.<\/p>\n<p>Les perquisitions effectu\u00e9es dans les lieux d\u2019intervention ont permis de saisir des armes blanches de tailles diff\u00e9rentes, plusieurs flacons contenant des liquides et des poudres chimiques, des sacs d\u2019engrais chimiques, du soufre, de la poudre de charbon et des sels et substances suspectes, ainsi que des c\u00e2bles \u00e9lectriques, des outillages de soudure et des rubans adh\u00e9sifs, utilis\u00e9s dans la pr\u00e9paration et la fabrication d\u2019explosifs. Ce lot a \u00e9t\u00e9 mis \u00e0 la disposition des experts de la police scientifique et technique pour \u00eatre soumis aux expertises techniques n\u00e9cessaires.<\/p>\n<p>Les investigations des services de renseignements concernant cette affaire ont d\u00e9but\u00e9 depuis quelque temps apr\u00e8s que les services de la DGST aient d\u00e9tect\u00e9 une vid\u00e9o dans laquelle les individus interpell\u00e9s pr\u00eataient \u201call\u00e9geance et fid\u00e9lit\u00e9\u201d \u00e0 l\u2019organisation terroriste \u201cDaech\u201d, tout en s\u2019engageant \u00e0 commettre des actes terroristes imminents.<\/p>\n<p>Les proc\u00e9dures de recherches et de g\u00e9olocalisation ont r\u00e9v\u00e9l\u00e9 que les suspects se sont rendus, en une seule journ\u00e9e, \u00e0 quatre magasins de droguerie dans la r\u00e9gion de Had Soualem, o\u00f9 ils ont pu acqu\u00e9rir des produits chimiques utilis\u00e9s dans la fabrication d\u2019explosifs. Ils ont par la suite proc\u00e9d\u00e9 \u00e0 leur stockage au domicile de l\u2019un d\u2019eux et \u00e0 leur pr\u00e9paration pour mener des op\u00e9rations exp\u00e9rimentales pour la fabrication d\u2019engins explosifs.<\/p>\n<p>Les m\u00eames enqu\u00eates et investigations ont r\u00e9v\u00e9l\u00e9 que deux des fr\u00e8res interpell\u00e9s ont effectu\u00e9 des visites de reconnaissance \u00e0 des endroits s\u00e9par\u00e9s et \u00e0 des moments diff\u00e9rents, au cours desquelles ils ont document\u00e9 avec des photos et des enregistrements vid\u00e9o plusieurs cibles potentielles pour leurs plans terroristes.<\/p>\n<p>Les informations des services de renseignements, corrobor\u00e9es par les proc\u00e9dures d\u2019investigation, indiquent que les suspects avaient l\u2019intention de perp\u00e9trer des op\u00e9rations subversives \u00e0 l\u2019aide de mati\u00e8res explosives, avant de rejoindre les camps de l\u2019organisation \u201cDaech\u201d dans la r\u00e9gion du Sahel.<\/p>\n<p>Les quatre mis en cause interpell\u00e9s ont \u00e9t\u00e9 plac\u00e9s en garde \u00e0 vue dans le cadre de l\u2019enqu\u00eate judiciaire men\u00e9e par le BCIJ sous la supervision du Parquet en charge des affaires de terrorisme afin d\u2019\u00e9lucider toutes les \u00e9ventuelles ramifications de cette cellule avec les organisations terroristes r\u00e9gionales et internationales, et d\u2019identifier et interpeller tous les membres de cette cellule terroriste.<\/p>\n<p>(m\u00e9dias)<\/p>\n","protected":false},"excerpt":{"rendered":"<p>Rabat &#8211; Sur la base de renseignements pr\u00e9cis fournis par les services de la Direction G\u00e9n\u00e9rale de la Surveillance du Territoire (DGST), le Bureau Central d\u2019Investigations Judiciaires (BCIJ) a mis en \u00e9chec, aux premi\u00e8res heures de dimanche dernier, un plan terroriste imminent qui \u00e9tait en phase de pr\u00e9paration pour l\u2019ex\u00e9cution d\u2019attentats \u00e0 l\u2019explosif. Les op\u00e9rations &hellip;<\/p>\n","protected":false},"author":2,"featured_media":13658,"comment_status":"open","ping_status":"open","sticky":false,"template":"","format":"standard","meta":{"footnotes":""},"categories":[18,29],"tags":[],"class_list":["post-13657","post","type-post","status-publish","format-standard","has-post-thumbnail","hentry","category-actualites","category-monde"],"_links":{"self":[{"href":"https:\/\/ladepeche.mr\/index.php?rest_route=\/wp\/v2\/posts\/13657","targetHints":{"allow":["GET"]}}],"collection":[{"href":"https:\/\/ladepeche.mr\/index.php?rest_route=\/wp\/v2\/posts"}],"about":[{"href":"https:\/\/ladepeche.mr\/index.php?rest_route=\/wp\/v2\/types\/post"}],"author":[{"embeddable":true,"href":"https:\/\/ladepeche.mr\/index.php?rest_route=\/wp\/v2\/users\/2"}],"replies":[{"embeddable":true,"href":"https:\/\/ladepeche.mr\/index.php?rest_route=%2Fwp%2Fv2%2Fcomments&post=13657"}],"version-history":[{"count":1,"href":"https:\/\/ladepeche.mr\/index.php?rest_route=\/wp\/v2\/posts\/13657\/revisions"}],"predecessor-version":[{"id":13659,"href":"https:\/\/ladepeche.mr\/index.php?rest_route=\/wp\/v2\/posts\/13657\/revisions\/13659"}],"wp:featuredmedia":[{"embeddable":true,"href":"https:\/\/ladepeche.mr\/index.php?rest_route=\/wp\/v2\/media\/13658"}],"wp:attachment":[{"href":"https:\/\/ladepeche.mr\/index.php?rest_route=%2Fwp%2Fv2%2Fmedia&parent=13657"}],"wp:term":[{"taxonomy":"category","embeddable":true,"href":"https:\/\/ladepeche.mr\/index.php?rest_route=%2Fwp%2Fv2%2Fcategories&post=13657"},{"taxonomy":"post_tag","embeddable":true,"href":"https:\/\/ladepeche.mr\/index.php?rest_route=%2Fwp%2Fv2%2Ftags&post=13657"}],"curies":[{"name":"wp","href":"https:\/\/api.w.org\/{rel}","templated":true}]}}