{"id":13663,"date":"2025-01-27T13:30:28","date_gmt":"2025-01-27T13:30:28","guid":{"rendered":"https:\/\/ladepeche.mr\/?p=13663"},"modified":"2025-01-27T13:01:32","modified_gmt":"2025-01-27T13:01:32","slug":"logo-officiel-de-la-can-maroc-2025-devoile-par-linstance-supreme-du-football-africain","status":"publish","type":"post","link":"https:\/\/ladepeche.mr\/?p=13663","title":{"rendered":"Logo officiel de la CAN Maroc-2025 d\u00e9voil\u00e9 par l\u2019instance supr\u00eame du football africain"},"content":{"rendered":"<p>L\u2019instance supr\u00eame du football africain a d\u00e9voil\u00e9, dans la soir\u00e9e de samedi 25 janvier, le logo officiel de la CAN Maroc-2025, \u00e0 J-2 du tirage au sort du tournoi panafricain pr\u00e9vu du 21 d\u00e9cembre 2025 au 18 janvier 2026.<\/p>\n<p>La vid\u00e9o annon\u00e7ant le logo officiel de la 35eme \u00e9dition de la CAN met particuli\u00e8rement en valeur le patrimoine marocain, notamment le zellige. Il s\u2019agit ainsi d\u2019un v\u00e9ritable hommage au Maroc dont l\u2019amour pour le ballon rond est une seconde nature, dans les g\u00e8nes des jeunes d\u00e9sireux de perp\u00e9tuer la tradition et de continuer \u00e0 hisser le pays dans les premiers rangs en tant que terre d\u2019hospitalit\u00e9 pour les pays africains.<\/p>\n<p>Le tirage au sort de la CAN Maroc-2025 aura lieu, ce lundi 27 janvier \u00e0 partir de 19 heures, au Th\u00e9\u00e2tre National Mohammed V de Rabat, en pr\u00e9sence de hauts responsables et de grandes stars du football continental.<\/p>\n<p>(m\u00e9dias)<\/p>\n","protected":false},"excerpt":{"rendered":"<p>L\u2019instance supr\u00eame du football africain a d\u00e9voil\u00e9, dans la soir\u00e9e de samedi 25 janvier, le logo officiel de la CAN Maroc-2025, \u00e0 J-2 du tirage au sort du tournoi panafricain pr\u00e9vu du 21 d\u00e9cembre 2025 au 18 janvier 2026. La vid\u00e9o annon\u00e7ant le logo officiel de la 35eme \u00e9dition de la CAN met particuli\u00e8rement en &hellip;<\/p>\n","protected":false},"author":2,"featured_media":13664,"comment_status":"open","ping_status":"open","sticky":false,"template":"","format":"standard","meta":{"footnotes":""},"categories":[18,17],"tags":[],"class_list":["post-13663","post","type-post","status-publish","format-standard","has-post-thumbnail","hentry","category-actualites","category-sports"],"_links":{"self":[{"href":"https:\/\/ladepeche.mr\/index.php?rest_route=\/wp\/v2\/posts\/13663","targetHints":{"allow":["GET"]}}],"collection":[{"href":"https:\/\/ladepeche.mr\/index.php?rest_route=\/wp\/v2\/posts"}],"about":[{"href":"https:\/\/ladepeche.mr\/index.php?rest_route=\/wp\/v2\/types\/post"}],"author":[{"embeddable":true,"href":"https:\/\/ladepeche.mr\/index.php?rest_route=\/wp\/v2\/users\/2"}],"replies":[{"embeddable":true,"href":"https:\/\/ladepeche.mr\/index.php?rest_route=%2Fwp%2Fv2%2Fcomments&post=13663"}],"version-history":[{"count":1,"href":"https:\/\/ladepeche.mr\/index.php?rest_route=\/wp\/v2\/posts\/13663\/revisions"}],"predecessor-version":[{"id":13665,"href":"https:\/\/ladepeche.mr\/index.php?rest_route=\/wp\/v2\/posts\/13663\/revisions\/13665"}],"wp:featuredmedia":[{"embeddable":true,"href":"https:\/\/ladepeche.mr\/index.php?rest_route=\/wp\/v2\/media\/13664"}],"wp:attachment":[{"href":"https:\/\/ladepeche.mr\/index.php?rest_route=%2Fwp%2Fv2%2Fmedia&parent=13663"}],"wp:term":[{"taxonomy":"category","embeddable":true,"href":"https:\/\/ladepeche.mr\/index.php?rest_route=%2Fwp%2Fv2%2Fcategories&post=13663"},{"taxonomy":"post_tag","embeddable":true,"href":"https:\/\/ladepeche.mr\/index.php?rest_route=%2Fwp%2Fv2%2Ftags&post=13663"}],"curies":[{"name":"wp","href":"https:\/\/api.w.org\/{rel}","templated":true}]}}