{"id":13669,"date":"2025-01-27T15:00:01","date_gmt":"2025-01-27T15:00:01","guid":{"rendered":"https:\/\/ladepeche.mr\/?p=13669"},"modified":"2025-01-27T13:23:45","modified_gmt":"2025-01-27T13:23:45","slug":"resilience-face-aux-catastrophes-naturelles-un-exercice-de-secours-reunit-a-matam-les-forces-de-securite-du-senegal-et-de-la-mauritanie","status":"publish","type":"post","link":"https:\/\/ladepeche.mr\/?p=13669","title":{"rendered":"R\u00e9silience face aux catastrophes naturelles : Un exercice de secours r\u00e9unit \u00e0 Matam les forces de s\u00e9curit\u00e9 du S\u00e9n\u00e9gal et de la Mauritanie"},"content":{"rendered":"<p class=\"access\">Un exercice destin\u00e9 \u00e0 tester la capacit\u00e9 de secours des forces de d\u00e9fense et de s\u00e9curit\u00e9 de la Mauritanie et du S\u00e9n\u00e9gal en situation de catastrophe naturelle entra\u00eenant un d\u00e9placement massif de populations s\u2019est d\u00e9roul\u00e9 \u00e0 Matam, \u00e0 l\u2019initiative des deux pays et de l\u2019Organisation internationales pour les migrations (OIM).<\/p>\n<p>Les inondations ont \u00e9t\u00e9 utilis\u00e9es comme pr\u00e9texte pour tester la capacit\u00e9 de riposte des forces de d\u00e9fense et de s\u00e9curit\u00e9 mauritaniennes et s\u00e9n\u00e9galaises.<br \/>\n\u2018\u2019Nous voulons que vous vous donniez \u00e0 fond. \u00c9vitez le maximum possible de rire ou de filmer votre camarade. Faites comme si vous \u00e9tiez dans une situation r\u00e9elle\u2019\u2019, a recommand\u00e9 Amadou Dia, l\u2019un des dirigeants de l\u2019exercice de simulation.<\/p>\n<p>Dans une \u00e9troite ruelle du quartier Soubalo, une centaine de personnes, des S\u00e9n\u00e9galais et des Mauritaniens, sortent pour rejoindre la berge du fleuve.<br \/>\nLa catastrophe simul\u00e9e comprend un volet sanitaire, des cas de diarrh\u00e9e aigu\u00eb, des traumatismes et des maladies respiratoires \u00e9tant signal\u00e9s parmi les personnes \u00e0 secourir.<\/p>\n<p>Les services de la police des fronti\u00e8res bas\u00e9s \u00e0 Matam et d\u2019autres entit\u00e9s des forces de d\u00e9fense et de s\u00e9curit\u00e9 des deux pays ont pris part \u00e0 l\u2019exercice.<br \/>\nLe test a permis d\u2019indiquer aux populations l\u2019attitude \u00e0 avoir en cas de catastrophe. Des participants se sont pr\u00eat\u00e9s \u00e0 la mise en sc\u00e8ne en allant \u00e0 la recherche de leurs proches dont ils sont sans nouvelles.<\/p>\n<p>La Croix-Rouge et les sapeurs-pompiers ont assur\u00e9 les premiers secours, avant l\u2019arriv\u00e9e de nombreux infirmiers partis de Ourossogui et de Matam, les principales villes s\u00e9n\u00e9galaises de la zone.<\/p>\n<p>L\u2019administration territoriale a \u00e9galement pass\u00e9 le test, avec la contribution d\u2019une cellule de crise dirig\u00e9e par Tafsir Baba Anne, l\u2019adjoint du gouverneur de Matam, charg\u00e9 des questions de d\u00e9veloppement de la r\u00e9gion. Il \u00e9tait entour\u00e9 de responsables des forces de d\u00e9fense et de s\u00e9curit\u00e9, dont le commandant de la compagnie d\u2019incendie et de secours de Matam, Ignace Fran\u00e7ois Ndiaye, et du directeur de l\u2019agence r\u00e9gionale de la sant\u00e9, le docteur Moustapha Faye.<\/p>\n<p>\u2018\u2019Ce samedi, nous avons re\u00e7u, vers 10 h 40, une alerte faisant \u00e9tat d\u2019un important d\u00e9placement de populations venues de la Mauritanie, victimes d\u2019inondations. Nous avons aussit\u00f4t relay\u00e9 l\u2019alerte et inform\u00e9 les forces de d\u00e9fense et de s\u00e9curit\u00e9 en vue d\u2019une prise en charge rapide des bless\u00e9s\u2019\u2019, a annonce Tafsir Baba Anne, en guise de simulation, dans un communiqu\u00e9 publi\u00e9 une heure apr\u00e8s le d\u00e9but des secours.<\/p>\n<p>Se pr\u00eatant toujours \u00e0 l\u2019exercice, l\u2019autorit\u00e9 administrative signale 117 victimes, dont 17 se trouvent dans un \u00e9tat \u2018\u2019grave\u2019\u2019. Des personnes \u00e9tant port\u00e9es disparues. Dans la cohue, deux individus en possession de stup\u00e9fiants ont \u00e9t\u00e9 arr\u00eat\u00e9s, selon M. Anne.<\/p>\n<p>Sur le terrain, les secours se poursuivent. Les bless\u00e9s sont \u00e9vacu\u00e9s dans les h\u00f4pitaux de Matam et de Ourossogui. Apr\u00e8s les soins d\u2019urgence, ils sont conduits \u00e0 l\u2019\u00e9cole Ibrahima-Soriba-Thioub de Matam, qui est \u00e0 la fois le point de chute de l\u2019exercice et un site d\u2019accueil des d\u00e9plac\u00e9s.<\/p>\n<p>Sur le plan administratif, la Mauritanie \u00e9tait repr\u00e9sent\u00e9e par Abdoulaye Oumar Ly, le maire de Diowol, une ville situ\u00e9e pr\u00e8s de la fronti\u00e8re des deux pays, et un agent du minist\u00e8re de l\u2019\u00c9conomie et des Finances.<\/p>\n<p>\u2018\u2019La gestion de cette crise implique les deux pays, le S\u00e9n\u00e9gal et la Mauritanie. Cela montre que les relations entre ces deux nations ont de beaux jours devant elles\u2019\u2019, a dit, toujours dans le cadre du test, le gouverneur de Matam.<\/p>\n<p>La simulation a permis de tester \u2018\u2019la capacit\u00e9 de riposte et de r\u00e9silience\u2019\u2019 des forces de d\u00e9fense et de s\u00e9curit\u00e9, qui ont g\u00e9r\u00e9 une situation similaire lors des derni\u00e8res inondations survenues dans la r\u00e9gion de Matam, a-t-il ajout\u00e9.<\/p>\n<p>L\u2019exercice a permis de s\u2019assurer que les services et les personnes concern\u00e9s ont la capacit\u00e9 d\u2019apporter \u2018\u2019une r\u00e9ponse rapide\u2019\u2019 au besoin, selon le gouverneur de Matam.<\/p>\n<p>La ville de Matam a \u00e9t\u00e9 choisie pour le d\u00e9roulement de cet exercice, en raison de sa position g\u00e9ographique, a expliqu\u00e9 la cheffe de mission de l\u2019OIM au S\u00e9n\u00e9gal, A\u00efssata Kane.<\/p>\n<p>\u2018\u2019Cet exercice devrait \u00eatre fait dans d\u2019autres localit\u00e9s des deux pays o\u00f9 des situations de vuln\u00e9rabilit\u00e9 se font sentir\u2019\u2019, a-t-elle dit.<\/p>\n<p class=\"access\">(Aps)<\/p>\n","protected":false},"excerpt":{"rendered":"<p>Un exercice destin\u00e9 \u00e0 tester la capacit\u00e9 de secours des forces de d\u00e9fense et de s\u00e9curit\u00e9 de la Mauritanie et du S\u00e9n\u00e9gal en situation de catastrophe naturelle entra\u00eenant un d\u00e9placement massif de populations s\u2019est d\u00e9roul\u00e9 \u00e0 Matam, \u00e0 l\u2019initiative des deux pays et de l\u2019Organisation internationales pour les migrations (OIM). Les inondations ont \u00e9t\u00e9 utilis\u00e9es &hellip;<\/p>\n","protected":false},"author":2,"featured_media":13670,"comment_status":"open","ping_status":"open","sticky":false,"template":"","format":"standard","meta":{"footnotes":""},"categories":[18,29],"tags":[],"class_list":["post-13669","post","type-post","status-publish","format-standard","has-post-thumbnail","hentry","category-actualites","category-monde"],"_links":{"self":[{"href":"https:\/\/ladepeche.mr\/index.php?rest_route=\/wp\/v2\/posts\/13669","targetHints":{"allow":["GET"]}}],"collection":[{"href":"https:\/\/ladepeche.mr\/index.php?rest_route=\/wp\/v2\/posts"}],"about":[{"href":"https:\/\/ladepeche.mr\/index.php?rest_route=\/wp\/v2\/types\/post"}],"author":[{"embeddable":true,"href":"https:\/\/ladepeche.mr\/index.php?rest_route=\/wp\/v2\/users\/2"}],"replies":[{"embeddable":true,"href":"https:\/\/ladepeche.mr\/index.php?rest_route=%2Fwp%2Fv2%2Fcomments&post=13669"}],"version-history":[{"count":1,"href":"https:\/\/ladepeche.mr\/index.php?rest_route=\/wp\/v2\/posts\/13669\/revisions"}],"predecessor-version":[{"id":13671,"href":"https:\/\/ladepeche.mr\/index.php?rest_route=\/wp\/v2\/posts\/13669\/revisions\/13671"}],"wp:featuredmedia":[{"embeddable":true,"href":"https:\/\/ladepeche.mr\/index.php?rest_route=\/wp\/v2\/media\/13670"}],"wp:attachment":[{"href":"https:\/\/ladepeche.mr\/index.php?rest_route=%2Fwp%2Fv2%2Fmedia&parent=13669"}],"wp:term":[{"taxonomy":"category","embeddable":true,"href":"https:\/\/ladepeche.mr\/index.php?rest_route=%2Fwp%2Fv2%2Fcategories&post=13669"},{"taxonomy":"post_tag","embeddable":true,"href":"https:\/\/ladepeche.mr\/index.php?rest_route=%2Fwp%2Fv2%2Ftags&post=13669"}],"curies":[{"name":"wp","href":"https:\/\/api.w.org\/{rel}","templated":true}]}}