{"id":1367,"date":"2022-08-04T09:44:44","date_gmt":"2022-08-04T09:44:44","guid":{"rendered":"https:\/\/ladepeche.mr\/?p=1367"},"modified":"2022-08-04T09:44:44","modified_gmt":"2022-08-04T09:44:44","slug":"les-maires-marocains-et-mauritaniens-appellent-a-promouvoir-les-flux-dinvestissements","status":"publish","type":"post","link":"https:\/\/ladepeche.mr\/?p=1367","title":{"rendered":"Les maires marocains et mauritaniens appellent \u00e0 promouvoir les flux d\u2019investissements"},"content":{"rendered":"<p>L\u2019Association Marocaine des Pr\u00e9sidents des Conseils Communaux (AMPCC) et l\u2019Association des Maires de la Mauritanie (AMM) ont appel\u00e9, mardi, \u00e0 promouvoir davantage les investissements entre les deux pays.<\/p>\n<p class=\"justifyText  add-more-font-size-dep\" dir=\"ltr\">Dans une d\u00e9claration \u00e0 la MAP en marge de la 27\u00e8me session du Comit\u00e9 ex\u00e9cutif de Cit\u00e9s et Gouvernements Locaux Unis d\u2019Afrique (CGLU), tenue \u00e0 Nouakchott, le pr\u00e9sident de l\u2019AMPCC et maire de Tanger, Mounir Laymouri, a rappel\u00e9 l\u2019organisation de plusieurs rencontres avec l\u2019AMM, portant, notamment, sur les relations \u00e9conomiques et la n\u00e9cessit\u00e9 de dynamiser les flux d\u2019investissements entre le Maroc et la Mauritanie.<\/p>\n<p>Les maires mauritaniens ont fait part de leur souhait de voir la Mauritanie b\u00e9n\u00e9ficier de la grande exp\u00e9rience marocaine dans le secteur agricole, a fait observer M. Laymouri, mettant l\u2019accent sur l\u2019importance de consolider les investissements marocains dans ce domaine prometteur en Mauritanie.<\/p>\n<p>Dans ce sens, l\u2019AMPCC et l\u2019AMM ont convenu d\u2019activer les conventions de partenariat scell\u00e9es entre des municipalit\u00e9s mauritaniennes et des communes marocaines, qui sont au nombre de 40 pour renforcer les partenariats et le d\u00e9veloppement local.<\/p>\n<p>Et d\u2019ajouter que l\u2019id\u00e9e de cr\u00e9er une association des maires du Maghreb a \u00e9t\u00e9 propos\u00e9e lors de ces rencontres, avec comme premier noyau l\u2019association des Maires de la Mauritanie, qui devrait s\u2019\u00e9tendre dans l\u2019avenir \u00e0 tous les pays de la r\u00e9gion.<\/p>\n<div class=\"google-auto-placed ap_container\">Premi\u00e8re r\u00e9union depuis la 9\u00e8me \u00e9dition du Sommet Africit\u00e9s qui s\u2019est tenue \u00e0 Kisumu au Kenya, la 27\u00e8me session du Comit\u00e9 Ex\u00e9cutif de CGLU Afrique s\u2019est articul\u00e9e autour de plusieurs sujets portant, notamment, sur le d\u00e9veloppement des collectivit\u00e9s territoriales en Afrique, la strat\u00e9gie de mise en \u0153uvre du plan d\u00e9cennal 2021-2030, les m\u00e9canismes de financement et du budget ainsi que la strat\u00e9gie de communication.<\/div>\n<div>Atlasinfo avec Map<\/div>\n","protected":false},"excerpt":{"rendered":"<p>L\u2019Association Marocaine des Pr\u00e9sidents des Conseils Communaux (AMPCC) et l\u2019Association des Maires de la Mauritanie (AMM) ont appel\u00e9, mardi, \u00e0 promouvoir davantage les investissements entre les deux pays. Dans une d\u00e9claration \u00e0 la MAP en marge de la 27\u00e8me session du Comit\u00e9 ex\u00e9cutif de Cit\u00e9s et Gouvernements Locaux Unis d\u2019Afrique (CGLU), tenue \u00e0 Nouakchott, le &hellip;<\/p>\n","protected":false},"author":2,"featured_media":1368,"comment_status":"open","ping_status":"open","sticky":false,"template":"","format":"standard","meta":{"footnotes":""},"categories":[18,2],"tags":[],"class_list":["post-1367","post","type-post","status-publish","format-standard","has-post-thumbnail","hentry","category-actualites","category-economie"],"_links":{"self":[{"href":"https:\/\/ladepeche.mr\/index.php?rest_route=\/wp\/v2\/posts\/1367","targetHints":{"allow":["GET"]}}],"collection":[{"href":"https:\/\/ladepeche.mr\/index.php?rest_route=\/wp\/v2\/posts"}],"about":[{"href":"https:\/\/ladepeche.mr\/index.php?rest_route=\/wp\/v2\/types\/post"}],"author":[{"embeddable":true,"href":"https:\/\/ladepeche.mr\/index.php?rest_route=\/wp\/v2\/users\/2"}],"replies":[{"embeddable":true,"href":"https:\/\/ladepeche.mr\/index.php?rest_route=%2Fwp%2Fv2%2Fcomments&post=1367"}],"version-history":[{"count":1,"href":"https:\/\/ladepeche.mr\/index.php?rest_route=\/wp\/v2\/posts\/1367\/revisions"}],"predecessor-version":[{"id":1369,"href":"https:\/\/ladepeche.mr\/index.php?rest_route=\/wp\/v2\/posts\/1367\/revisions\/1369"}],"wp:featuredmedia":[{"embeddable":true,"href":"https:\/\/ladepeche.mr\/index.php?rest_route=\/wp\/v2\/media\/1368"}],"wp:attachment":[{"href":"https:\/\/ladepeche.mr\/index.php?rest_route=%2Fwp%2Fv2%2Fmedia&parent=1367"}],"wp:term":[{"taxonomy":"category","embeddable":true,"href":"https:\/\/ladepeche.mr\/index.php?rest_route=%2Fwp%2Fv2%2Fcategories&post=1367"},{"taxonomy":"post_tag","embeddable":true,"href":"https:\/\/ladepeche.mr\/index.php?rest_route=%2Fwp%2Fv2%2Ftags&post=1367"}],"curies":[{"name":"wp","href":"https:\/\/api.w.org\/{rel}","templated":true}]}}