{"id":13672,"date":"2025-01-27T14:30:28","date_gmt":"2025-01-27T14:30:28","guid":{"rendered":"https:\/\/ladepeche.mr\/?p=13672"},"modified":"2025-01-27T13:22:55","modified_gmt":"2025-01-27T13:22:55","slug":"sud-liban-larmee-israelienne-reporte-son-retrait-et-tire-sur-des-habitants-faisant-plusieurs-morts","status":"publish","type":"post","link":"https:\/\/ladepeche.mr\/?p=13672","title":{"rendered":"Sud-Liban: l&#8217;arm\u00e9e isra\u00e9lienne reporte son retrait et tire sur des habitants faisant plusieurs morts"},"content":{"rendered":"<p class=\"t-content__chapo\">Apr\u00e8s l\u2019annonce par les autorit\u00e9s isra\u00e9liennes du report du retrait de l\u2019arm\u00e9e du Sud-Liban, cens\u00e9 s\u2019achever ce dimanche 26 janvier au soir selon l\u2019accord de cessez-le-feu, la situation a d\u00e9g\u00e9n\u00e9r\u00e9 dimanche 26 janvier dans la partie m\u00e9ridionale occup\u00e9e. Les soldats isra\u00e9liens ont ouvert le feu sur des civils libanais qui avaient brav\u00e9 les interdits pour rejoindre leurs villages. Un nouveau bilan du minist\u00e8re de la Sant\u00e9 libanais fait \u00e9tat de 22 morts et 124 bless\u00e9s.<\/p>\n<div class=\"t-content__dates t-content__dates--reading-time\">\n<p>D\u00e8s les premi\u00e8res heures de ce dimanche 26 janvier, des milliers d\u2019habitants du sud du\u00a0<a href=\"https:\/\/www.rfi.fr\/fr\/tag\/liban\/\" target=\"_self\"><strong>Liban<\/strong><\/a>\u00a0ont d\u00e9fi\u00e9 les ordres de l\u2019arm\u00e9e isra\u00e9lienne interdisant l\u2019acc\u00e8s \u00e0 60 localit\u00e9s et ont tent\u00e9 de regagner leurs villages. \u00c0 pied ou en voiture, des femmes et des hommes non arm\u00e9s ont forc\u00e9 les check-points de l\u2019arm\u00e9e libanaise et sont entr\u00e9s dans leurs villages qu\u2019ils n\u2019avaient plus vus depuis pr\u00e8s de 16 mois.<\/p>\n<p>Dans plusieurs r\u00e9gions, les habitants, dont certains brandissaient des drapeaux libanais et du\u00a0<a href=\"https:\/\/www.rfi.fr\/fr\/tag\/hezbollah\/\" target=\"_self\"><strong>Hezbollah<\/strong><\/a>, se sont retrouv\u00e9s nez-\u00e0-nez avec des soldats isra\u00e9liens qui ont ouvert le feu pour tenter de les \u00e9loigner. Ces soldats ont utilis\u00e9 des armes automatiques et des obus de tank pour essayer de stopper ce mouvement de retour inattendu. Plus de dix personnes ont \u00e9t\u00e9 tu\u00e9es, des civils pour la plupart, mais \u00e9galement parmi les soldats de l&#8217;arm\u00e9e libanaise.<\/p>\n<p>Dans le secteur central de la fronti\u00e8re, un drone a largu\u00e9 deux bombes pr\u00e8s d\u2019un rassemblement de civils. Surprise par l\u2019ampleur de ce mouvement de retour, l\u2019arm\u00e9e isra\u00e9lienne a \u00e9vacu\u00e9 l\u2019int\u00e9rieur de certains villages et s\u2019est repli\u00e9e vers leur p\u00e9riph\u00e9rie.<\/p>\n<h2>Les autorit\u00e9s libanaises d\u00e9bord\u00e9es<\/h2>\n<p>En plusieurs endroits, l\u2019arm\u00e9e libanaise a tent\u00e9 de convaincre les habitants de ne pas avancer de crainte qu\u2019ils ne soient pris pour cible par l\u2019arm\u00e9e isra\u00e9lienne. Les autorit\u00e9s libanaises semblaient d\u00e9bord\u00e9es par les \u00e9v\u00e9nements. Dans une d\u00e9claration post\u00e9e sur le r\u00e9seau X, le pr\u00e9sident de la R\u00e9publique Joseph Aoun a d\u00e9clar\u00e9 partager avec \u00ab\u00a0<em>le peuple dans le sud la joie de la victoire<\/em>\u00a0\u00bb et a appel\u00e9 \u00e0 la \u00ab\u00a0<em>retenue\u00a0<\/em>\u00bb et \u00e0 la \u00ab\u00a0<em>confiance dans les forces arm\u00e9es<\/em>\u00a0\u00bb.<\/p>\n<p>Le chef de l\u2019\u00c9tat libanais a affirm\u00e9 que la \u00ab\u00a0<em>la souverainet\u00e9 et l&#8217;int\u00e9grit\u00e9 territoriale du Liban ne sont pas n\u00e9gociables<\/em>\u00a0\u00bb et dit s&#8217; \u00ab\u00a0<em>assurer du suivi de cette question au plus haut niveau afin de garantir (les) droits et (la) dignit\u00e9<\/em>\u00a0\u00bb des habitants du Sud-Liban.<\/p>\n<h2>Violations r\u00e9p\u00e9t\u00e9es de la tr\u00eave<\/h2>\n<p>Malgr\u00e9 la tr\u00eave,\u00a0<a href=\"https:\/\/www.rfi.fr\/fr\/moyen-orient\/20241227-liban-un-mois-apr%C3%A8s-le-cessez-le-feu-isra%C3%ABl-poursuit-ses-frappes-et-dit-viser-une-structure-du-hezbollah\" target=\"_self\"><strong>l&#8217;arm\u00e9e isra\u00e9lienne m\u00e8ne par ailleurs r\u00e9guli\u00e8rement des frappes<\/strong><\/a>, affirmant viser le Hezbollah, et l&#8217;agence officielle de presse libanaise ANI fait \u00e9tat de dynamitages dans les villages encore occup\u00e9s. Face \u00e0 ces agissements, les dirigeants libanais s\u2019inqui\u00e8tent et le Hezbollah menace.<\/p>\n<p>Le pr\u00e9sident\u00a0<a href=\"https:\/\/www.rfi.fr\/fr\/tag\/joseph-aoun\/\" target=\"_self\"><strong>Joseph Aoun<\/strong><\/a>\u00a0avait demand\u00e9 \u00e0 son homologue fran\u00e7ais Emmanuel Macron lors d\u2019une conversation t\u00e9l\u00e9phonique \u00ab\u00a0<em>d&#8217;obliger Isra\u00ebl \u00e0 appliquer les clauses de l&#8217;accord de cessez-le-feu\u00a0<\/em>\u00bb. Le pr\u00e9sident fran\u00e7ais a ainsi appel\u00e9 les parties prenantes au cessez-le-feu au Liban \u00e0 honorer leurs engagements \u00ab\u00a0<em>dans les plus brefs d\u00e9lais<\/em>\u00a0\u00bb.<\/p>\n<h2>L&#8217;arm\u00e9e libanaise d\u00e9ploy\u00e9e dans le sud<\/h2>\n<p>L\u2019arm\u00e9e libanaise, cens\u00e9e se d\u00e9ployer dans tout le sud, avait quant \u00e0 elle d\u00e9nonc\u00e9 ce samedi 25 janvier l\u2019\u00ab\u00a0<em>atermoiement<\/em>\u00a0\u00bb d\u2019Isra\u00ebl dans son retrait des zones qu\u2019il occupe. Une source de s\u00e9curit\u00e9 libanaise a assur\u00e9 que l\u2019arm\u00e9e libanaise respectait de son c\u00f4t\u00e9 pleinement ses engagements et a proc\u00e9d\u00e9 au d\u00e9mant\u00e8lement ou \u00e0 la saisie de 500 infrastructures militaires du Hezbollah au sud du fleuve Litani.<\/p>\n<p>Le Hezbollah, qui adoptait un profil bas depuis l\u2019arr\u00eat de la guerre, a hauss\u00e9 le ton ces deux derniers jours. Un de ses d\u00e9put\u00e9s, Hussein Hajj Hassan, a affirm\u00e9 que le parti \u00ab\u00a0<em>prendra les mesures n\u00e9cessaires si l\u2019occupation isra\u00e9lienne se poursuivait<\/em>\u00a0\u00bb.<\/p>\n<p>Rfi<\/p>\n<\/div>\n","protected":false},"excerpt":{"rendered":"<p>Apr\u00e8s l\u2019annonce par les autorit\u00e9s isra\u00e9liennes du report du retrait de l\u2019arm\u00e9e du Sud-Liban, cens\u00e9 s\u2019achever ce dimanche 26 janvier au soir selon l\u2019accord de cessez-le-feu, la situation a d\u00e9g\u00e9n\u00e9r\u00e9 dimanche 26 janvier dans la partie m\u00e9ridionale occup\u00e9e. Les soldats isra\u00e9liens ont ouvert le feu sur des civils libanais qui avaient brav\u00e9 les interdits pour &hellip;<\/p>\n","protected":false},"author":2,"featured_media":13673,"comment_status":"open","ping_status":"open","sticky":false,"template":"","format":"standard","meta":{"footnotes":""},"categories":[18,29],"tags":[],"class_list":["post-13672","post","type-post","status-publish","format-standard","has-post-thumbnail","hentry","category-actualites","category-monde"],"_links":{"self":[{"href":"https:\/\/ladepeche.mr\/index.php?rest_route=\/wp\/v2\/posts\/13672","targetHints":{"allow":["GET"]}}],"collection":[{"href":"https:\/\/ladepeche.mr\/index.php?rest_route=\/wp\/v2\/posts"}],"about":[{"href":"https:\/\/ladepeche.mr\/index.php?rest_route=\/wp\/v2\/types\/post"}],"author":[{"embeddable":true,"href":"https:\/\/ladepeche.mr\/index.php?rest_route=\/wp\/v2\/users\/2"}],"replies":[{"embeddable":true,"href":"https:\/\/ladepeche.mr\/index.php?rest_route=%2Fwp%2Fv2%2Fcomments&post=13672"}],"version-history":[{"count":1,"href":"https:\/\/ladepeche.mr\/index.php?rest_route=\/wp\/v2\/posts\/13672\/revisions"}],"predecessor-version":[{"id":13674,"href":"https:\/\/ladepeche.mr\/index.php?rest_route=\/wp\/v2\/posts\/13672\/revisions\/13674"}],"wp:featuredmedia":[{"embeddable":true,"href":"https:\/\/ladepeche.mr\/index.php?rest_route=\/wp\/v2\/media\/13673"}],"wp:attachment":[{"href":"https:\/\/ladepeche.mr\/index.php?rest_route=%2Fwp%2Fv2%2Fmedia&parent=13672"}],"wp:term":[{"taxonomy":"category","embeddable":true,"href":"https:\/\/ladepeche.mr\/index.php?rest_route=%2Fwp%2Fv2%2Fcategories&post=13672"},{"taxonomy":"post_tag","embeddable":true,"href":"https:\/\/ladepeche.mr\/index.php?rest_route=%2Fwp%2Fv2%2Ftags&post=13672"}],"curies":[{"name":"wp","href":"https:\/\/api.w.org\/{rel}","templated":true}]}}